{"id":185,"date":"2018-06-04T14:13:40","date_gmt":"2018-06-04T14:13:40","guid":{"rendered":"https:\/\/elaborata.com.br\/blog\/?p=185"},"modified":"2018-07-04T17:22:09","modified_gmt":"2018-07-04T17:22:09","slug":"gestor-de-tecnologia-da-informacao-qual-a-funcao","status":"publish","type":"post","link":"https:\/\/www.elaborata.com.br\/blog\/2018\/06\/04\/gestor-de-tecnologia-da-informacao-qual-a-funcao\/","title":{"rendered":"Gestor de Tecnologia da Informa\u00e7\u00e3o: O que faz?"},"content":{"rendered":"<p class=\"p1\"><span class=\"s1\">A tecnologia tem evolu\u00eddo a passos largos e cada vez mais tem se tornado indispens\u00e1vel em nosso cotidiano. Ela influencia tanto em nossa vida pessoal quanto a profissional. <\/span><\/p>\n<p class=\"p1\"><span class=\"s1\">Com isso, as profiss\u00f5es ligadas a essa tem\u00e1tica est\u00e3o se tornando vitais e seguem em uma constante crescente no mercado. Como \u00e9 o caso do Gestor de Tecnologia da Informa\u00e7\u00e3o.<\/span><\/p>\n<p class=\"p1\"><span class=\"s1\">A muito tempo se fala da import\u00e2ncia da \u00e1rea de T.I no mercado e com isso a popularidade da profiss\u00e3o cresceu a procura do curso nas universidades, mas <\/span><span class=\"s2\"><b>voc\u00ea realmente sabe do que a \u00e1rea trata<\/b><\/span><span class=\"s1\"> e quais as principais fun\u00e7\u00f5es de um Gestor de Tecnologia da Informa\u00e7\u00e3o?<\/span><\/p>\n<p><!--more--><\/p>\n<h2 class=\"p3\"><span class=\"s1\"><b>ENTENDA O QUE \u00c9 T.I<\/b><\/span><\/h2>\n<p class=\"p1\"><span class=\"s1\">De forma t\u00e9cnica, podemos definir o T.I como todos os aspectos humanos, organizacionais e administrativos vinculados \u00e0:<\/span><\/p>\n<ul>\n<li class=\"li1\"><span class=\"s1\">Processamento de dados; <\/span><\/li>\n<li class=\"li1\"><span class=\"s1\">Engenharia de software;<\/span><\/li>\n<li class=\"li1\"><span class=\"s1\">Sistemas de informa\u00e7\u00e3o;<\/span><\/li>\n<li class=\"li1\"><span class=\"s1\">Conjunto de hardware e software;<\/span><\/li>\n<li class=\"li1\"><span class=\"s1\">E inform\u00e1tica. <\/span><\/li>\n<\/ul>\n<p class=\"p1\"><span class=\"s1\">J\u00e1 nas empresas a \u00e1rea de T.I \u00e9 parte vital para a estrutura\u00e7\u00e3o de processos e todo o fluxograma que direciona diversas \u00e1reas. O respons\u00e1vel em direcionar todas essas importantes atividades \u00e9 o Gestor de Tecnologia da Informa\u00e7\u00e3o. <\/span><\/p>\n<p class=\"p4\"><span class=\"s1\"><b>O gestor de T.I \u00e9 encarregado de desenvolver ferramentas que possam facilitar os processos de gest\u00e3o de seu departamento, assim como m\u00e9todos administrativos que possam garantir a seguran\u00e7a das informa\u00e7\u00f5es, al\u00e9m de sistemas organizacionais para administrar cada uma das atividades de sua equipe de forma inteligente<\/b><\/span><span class=\"s4\">. <\/span><\/p>\n<p class=\"p1\"><span class=\"s1\">Para que voc\u00ea entenda a fun\u00e7\u00e3o mais profundamente, vou listar a seguir as principais responsabilidades do Gestor de T.I, confira!<\/span><\/p>\n<h3 class=\"p3\"><span class=\"s1\">DEFINI\u00c7\u00c3O DOS PROJETOS DA EMPRESA<\/span><\/h3>\n<p class=\"p1\"><span class=\"s1\">Essa \u00e9 uma das fun\u00e7\u00f5es mais importantes, j\u00e1 que o profissional dever\u00e1 definir quais projetos de inform\u00e1tica a empresa dever\u00e1 adotar. Antes disso o gestor de T.I deve avaliar todos os sistemas que a empresa j\u00e1 adota al\u00e9m de sua infraestrutura. <\/span><\/p>\n<p class=\"p1\"><span class=\"s1\">Al\u00e9m da defini\u00e7\u00e3o dos novos projetos, o Gestor de Tecnologia da Informa\u00e7\u00e3o deve desenvolver sistemas e projetos que possam facilitar os processos da empresa de acordo com as necessidades de cada setor, pensando sempre em m\u00e9todos simples, \u00e1geis e eficazes. <\/span><\/p>\n<h3 class=\"p3\"><span class=\"s1\">GERENCIAMENTO DOS PROJETOS<\/span><\/h3>\n<p class=\"p1\"><span class=\"s1\">A partir do momento que s\u00e3o definidos quais projetos ser\u00e3o desenvolvidos na empresa, o Gestor de T.I deve realizar todo o gerenciamento desses projetos, desde a designa\u00e7\u00e3o do respons\u00e1vel de cada um, at\u00e9 todas as etapas de desenvolvimento, testes, finaliza\u00e7\u00e3o e implanta\u00e7\u00e3o. <\/span><\/p>\n<p class=\"p1\"><span class=\"s1\">Esse acompanhamento minucioso em todos os projetos tem como objetivo identificar os principais erros e acertos que devem ocorrer ao longo do desenvolvimento, garantindo assim o sucesso na entrega de cada projeto da empresa. <\/span><\/p>\n<h3 class=\"p3\"><span class=\"s1\">ESTRAT\u00c9GIAS DE SEGURAN\u00c7A DE DADOS<\/span><\/h3>\n<p><img data-attachment-id=\"190\" data-permalink=\"https:\/\/www.elaborata.com.br\/blog\/2018\/06\/04\/gestor-de-tecnologia-da-informacao-qual-a-funcao\/gestor-de-tecnologia-da-informac%cc%a7a%cc%83o-elaborata-informatica-tecnologia-da-informac%cc%a7a%cc%83o-2\/\" data-orig-file=\"https:\/\/i0.wp.com\/www.elaborata.com.br\/blog\/wp-content\/uploads\/2018\/06\/gestor-de-tecnologia-da-informac\u0327a\u0303o-elaborata-informa\u0301tica-tecnologia-da-informac\u0327a\u0303o-1.jpg?fit=456%2C342&amp;ssl=1\" data-orig-size=\"456,342\" data-comments-opened=\"1\" data-image-meta=\"{&quot;aperture&quot;:&quot;0&quot;,&quot;credit&quot;:&quot;&quot;,&quot;camera&quot;:&quot;&quot;,&quot;caption&quot;:&quot;&quot;,&quot;created_timestamp&quot;:&quot;0&quot;,&quot;copyright&quot;:&quot;&quot;,&quot;focal_length&quot;:&quot;0&quot;,&quot;iso&quot;:&quot;0&quot;,&quot;shutter_speed&quot;:&quot;0&quot;,&quot;title&quot;:&quot;&quot;,&quot;orientation&quot;:&quot;0&quot;}\" data-image-title=\"gestor de tecnologia da informac\u0327a\u0303o &#8211; elaborata informa\u0301tica &#8211; tecnologia da informac\u0327a\u0303o\" data-image-description=\"\" data-medium-file=\"https:\/\/i0.wp.com\/www.elaborata.com.br\/blog\/wp-content\/uploads\/2018\/06\/gestor-de-tecnologia-da-informac\u0327a\u0303o-elaborata-informa\u0301tica-tecnologia-da-informac\u0327a\u0303o-1.jpg?fit=456%2C342&amp;ssl=1\" data-large-file=\"https:\/\/i0.wp.com\/www.elaborata.com.br\/blog\/wp-content\/uploads\/2018\/06\/gestor-de-tecnologia-da-informac\u0327a\u0303o-elaborata-informa\u0301tica-tecnologia-da-informac\u0327a\u0303o-1.jpg?fit=456%2C342&amp;ssl=1\" loading=\"lazy\" class=\"aligncenter wp-image-190\" src=\"https:\/\/i0.wp.com\/elaborata.com.br\/blog\/wp-content\/uploads\/2018\/06\/gestor-de-tecnologia-da-informac\u0327a\u0303o-elaborata-informa\u0301tica-tecnologia-da-informac\u0327a\u0303o-1.jpg?resize=400%2C300&#038;ssl=1\" alt=\"gestor de tecnologia da informac\u0327a\u0303o - elaborata informa\u0301tica - tecnologia da informac\u0327a\u0303o\" width=\"400\" height=\"300\" data-recalc-dims=\"1\" \/><\/p>\n<p class=\"p1\"><span class=\"s1\">A seguran\u00e7a das informa\u00e7\u00f5es de uma empresa \u00e9 algo que deve ser tratado com muita aten\u00e7\u00e3o. Quando n\u00e3o existe uma pol\u00edtica de informa\u00e7\u00e3o definida e estruturada a empresa corre riscos de ataques onde al\u00e9m de danificar sistemas e maquin\u00e1rios, podem ocorrer ainda vazamento de informa\u00e7\u00f5es sigilosas e de alta complexidade para a empresa. <\/span><\/p>\n<p class=\"p1\"><span class=\"s1\">O gestor de tecnologia da informa\u00e7\u00e3o deve definir os sistemas que dever\u00e3o garantir a seguran\u00e7a das informa\u00e7\u00f5es de todo o banco de dados da empresa.<\/span><\/p>\n<h3 class=\"p3\"><span class=\"s1\">COORDENA\u00c7\u00c3O DA EQUIPE<\/span><\/h3>\n<p class=\"p1\"><span class=\"s1\">Assim como qualquer outra gest\u00e3o, o Gestor de Tecnologia da Informa\u00e7\u00e3o \u00e9 o respons\u00e1vel por coordenar toda sua equipe. \u00c9 ele quem ir\u00e1 direcionar fun\u00e7\u00f5es, prazos, assim como realizar cobran\u00e7as para que todas as tarefas sejam realizadas de forma satisfat\u00f3ria. Al\u00e9m disso, dever\u00e1 de garantir a motiva\u00e7\u00e3o da equipe. <\/span><\/p>\n<h3 class=\"p3\"><span class=\"s1\">SELE\u00c7\u00c3O E CONTRATA\u00c7\u00c3O DE PESSOAL<\/span><\/h3>\n<p class=\"p1\"><span class=\"s1\">Pode at\u00e9 ser que o gestor de T.I n\u00e3o participe de todo o processo, mas \u00e9 de suma import\u00e2ncia que realize toda a estrutura\u00e7\u00e3o da vaga e material para sele\u00e7\u00e3o. Afinal, \u00e9 ele que sabe exatamente os pr\u00e9-requisitos do profissional que far\u00e1 parte de sua equipe. <\/span><\/p>\n<p class=\"p1\"><span class=\"s1\">O Gestor de Tecnologia da Informa\u00e7\u00e3o deve desenvolver provas t\u00e9cnicas para facilitar o processo de sele\u00e7\u00e3o e identifica\u00e7\u00e3o dos n\u00edveis de conhecimento de cada candidato. Dessa modo, mesmo que o gestor n\u00e3o realize a sele\u00e7\u00e3o, o processo ocorrer\u00e1 de forma satisfat\u00f3ria.<\/span><\/p>\n<p>&nbsp;<\/p>\n<p><a href=\"https:\/\/www.elaborata.com.br\/contato?utm_campaign=software-50-form-contato&amp;utm_medium=cpc&amp;utm_source=facebook\"><img loading=\"lazy\" class=\"aligncenter wp-image-112\" src=\"https:\/\/i1.wp.com\/elaborata.com.br\/blog\/wp-content\/uploads\/2018\/02\/CTA-INFOGRAFICO-1024x785.png?resize=370%2C284&#038;ssl=1\" alt=\"Gestor de Tecnologia da Informa\u00e7\u00e3o: O que faz? - Elaborata\" width=\"370\" height=\"284\" srcset=\"https:\/\/i0.wp.com\/www.elaborata.com.br\/blog\/wp-content\/uploads\/2018\/02\/CTA-INFOGRAFICO.png?resize=1024%2C785&amp;ssl=1 1024w, https:\/\/i0.wp.com\/www.elaborata.com.br\/blog\/wp-content\/uploads\/2018\/02\/CTA-INFOGRAFICO.png?resize=768%2C589&amp;ssl=1 768w, https:\/\/i0.wp.com\/www.elaborata.com.br\/blog\/wp-content\/uploads\/2018\/02\/CTA-INFOGRAFICO.png?w=1040&amp;ssl=1 1040w\" sizes=\"(max-width: 370px) 100vw, 370px\" data-recalc-dims=\"1\" \/><\/a><\/p>\n<p>&nbsp;<\/p>\n<h3 class=\"p3\"><span class=\"s1\">SABER IDENTIFICAR AS NECESSIDADES DO NEG\u00d3CIO<\/span><\/h3>\n<p class=\"p1\"><span class=\"s1\">O gestor de tecnologia da informa\u00e7\u00e3o deve ter uma vis\u00e3o do neg\u00f3cio como um todo e identificar facilmente suas necessidades e dificuldades. Dessa forma ele poder\u00e1 desenvolver solu\u00e7\u00f5es pr\u00e1ticas que possam facilitar o cotidiano de cada colaborador. <\/span><\/p>\n<p class=\"p1\"><span class=\"s1\">Um profissional de alto n\u00edvel n\u00e3o espera uma solicita\u00e7\u00e3o. Est\u00e1 sempre atento \u00e0s tend\u00eancias e evolu\u00e7\u00f5es do mercado tecnol\u00f3gico com o objetivo de aplicar em sua empresa.\u00a0<\/span><\/p>\n<p><img data-attachment-id=\"193\" data-permalink=\"https:\/\/www.elaborata.com.br\/blog\/2018\/06\/04\/gestor-de-tecnologia-da-informacao-qual-a-funcao\/gestor-de-tecnologia-da-informac%cc%a7a%cc%83o\/\" data-orig-file=\"https:\/\/i0.wp.com\/www.elaborata.com.br\/blog\/wp-content\/uploads\/2018\/06\/gestor-de-tecnologia-da-informac\u0327a\u0303o.jpg?fit=740%2C341&amp;ssl=1\" data-orig-size=\"740,341\" data-comments-opened=\"1\" data-image-meta=\"{&quot;aperture&quot;:&quot;0&quot;,&quot;credit&quot;:&quot;&quot;,&quot;camera&quot;:&quot;&quot;,&quot;caption&quot;:&quot;&quot;,&quot;created_timestamp&quot;:&quot;0&quot;,&quot;copyright&quot;:&quot;&quot;,&quot;focal_length&quot;:&quot;0&quot;,&quot;iso&quot;:&quot;0&quot;,&quot;shutter_speed&quot;:&quot;0&quot;,&quot;title&quot;:&quot;&quot;,&quot;orientation&quot;:&quot;0&quot;}\" data-image-title=\"gestor de tecnologia da informac\u0327a\u0303o\" data-image-description=\"\" data-medium-file=\"https:\/\/i0.wp.com\/www.elaborata.com.br\/blog\/wp-content\/uploads\/2018\/06\/gestor-de-tecnologia-da-informac\u0327a\u0303o.jpg?fit=740%2C341&amp;ssl=1\" data-large-file=\"https:\/\/i0.wp.com\/www.elaborata.com.br\/blog\/wp-content\/uploads\/2018\/06\/gestor-de-tecnologia-da-informac\u0327a\u0303o.jpg?fit=640%2C295&amp;ssl=1\" loading=\"lazy\" class=\"aligncenter wp-image-193\" src=\"https:\/\/i1.wp.com\/elaborata.com.br\/blog\/wp-content\/uploads\/2018\/06\/gestor-de-tecnologia-da-informac\u0327a\u0303o.jpg?resize=640%2C295&#038;ssl=1\" alt=\"gestor de tecnologia da informac\u0327a\u0303o\" width=\"640\" height=\"295\" data-recalc-dims=\"1\" \/><\/p>\n<h2 class=\"p3\"><span class=\"s1\">A \u00c1REA DE T.I \u00c9 EXTREMAMENTE AMPLA<\/span><\/h2>\n<p class=\"p1\"><span class=\"s1\">Como voc\u00ea p\u00f4de observar o gestor de T.I possui fun\u00e7\u00f5es important\u00edssimas dentro de uma empresa. Por isso esse \u00e9 um cargo de extrema responsabilidade. <\/span><\/p>\n<p class=\"p1\"><span class=\"s1\">Mas suas fun\u00e7\u00f5es podem variar ainda mais, j\u00e1 que a \u00e1rea de T.I \u00e9 extremamente ampla. Ao se formar em T.I o profissional pode se especializar em diferentes \u00e1reas como: <\/span><\/p>\n<ul>\n<li class=\"li1\"><span class=\"s1\">Infraestrutura;<\/span><\/li>\n<li class=\"li1\"><span class=\"s1\">Seguran\u00e7a da informa\u00e7\u00e3o;<\/span><\/li>\n<li class=\"li1\"><span class=\"s1\">Desenvolvimento de sistema;<\/span><\/li>\n<li class=\"li1\"><span class=\"s1\">Entre outros.<\/span><\/li>\n<\/ul>\n<p class=\"p1\"><span class=\"s1\">Dependendo da \u00e1rea ou \u00e1reas escolhidas pelo profissional, as fun\u00e7\u00f5es podem variar. Isso torna, por exemplo, o cotidiano de um Gestor de Tecnologia da Informa\u00e7\u00e3o de infraestrutura totalmente diferente de um gestor de T.I de seguran\u00e7a da informa\u00e7\u00e3o. <\/span><\/p>\n<p class=\"p1\"><span class=\"s1\">Existe um lado bom na amplitude da \u00e1rea. As empresas de diferentes segmentos necessitam desses profissionais, dando um leque de op\u00e7\u00f5es de trabalhos dispon\u00edveis. <\/span><\/p>\n<h2>APENAS UMA FORMA\u00c7\u00c3O BASTA?<\/h2>\n<p class=\"p1\"><span class=\"s1\">Praticamente toda empresa hoje em dia possui um departamento de T.I. Isso justifica a populariza\u00e7\u00e3o da profiss\u00e3o, o que significa tamb\u00e9m, que assim como a necessidade do mercado cresce, o n\u00famero de profissionais tamb\u00e9m. <\/span><\/p>\n<p class=\"p1\"><span class=\"s1\">Por isso, n\u00e3o basta apenas ser formado, um gestor de T.I de alto n\u00edvel est\u00e1 em constante aprendizado. Busque sempre o auto aperfei\u00e7oamento, afinal o mercado tecnol\u00f3gico, assim como mencionamos inicialmente, est\u00e1 em constante evolu\u00e7\u00e3o. <\/span><\/p>\n<p class=\"p1\"><span class=\"s1\">O profissional que n\u00e3o se renova est\u00e1 correndo um s\u00e9rio risco de ficar para tr\u00e1s no mercado. <\/span><\/p>\n<p class=\"p5\"><span class=\"s1\"><i>\u201cO APERFEI\u00c7OAMENTO \u00c9 A BASE DO SUCESSO DE UM GRANDE PROFISSIONAL!\u201d <\/i><\/span><\/p>\n<p class=\"p1\"><span class=\"s1\">Voc\u00ea sabia o grau de import\u00e2ncia do Gestor de Tecnologia da Informa\u00e7\u00e3o nas empresas? Imaginava o quanto esse profissional \u00e9 vital para o funcionamento de uma empresa como um todo?<\/span><\/p>\n<p class=\"p1\"><span class=\"s1\">Realmente esses profissionais merecem todo o reconhecimento, pois sem eles grande parte de nossas fun\u00e7\u00f5es seriam extremamente dif\u00edceis e complexas. <\/span><\/p>\n<p class=\"p1\"><span class=\"s1\">O que voc\u00ea achou do artigo? Se gostou, de uma olhada tamb\u00e9m no nosso outro artigo que da <a href=\"https:\/\/elaborata.com.br\/blog\/2018\/04\/12\/dicas-para-carreir-tecnologia-da-informacao\/?utm_campaign=gestor-ti&amp;utm_medium=link&amp;utm_source=blog\">5 dicas de como alavancar sua carreira de T.I<\/a><\/span><\/p>\n<p class=\"p1\"><span class=\"s1\">Quer saber mais sobre o assunto ou sugerir um tema? Deixe aqui nos coment\u00e1rios, terei prazer em respond\u00ea-lo. <\/span><\/p>\n<p class=\"p1\"><span class=\"s1\">Logo volto com novidades,<\/span><\/p>\n<p class=\"p1\"><span class=\"s1\">Grande abra\u00e7o!<\/span><\/p>\n<p>Acesse nosso <a href=\"http:\/\/www.elaborata.com.br\/?utm_campaign=gestor-ti&amp;utm_medium=link&amp;utm_source=blog\">site<\/a> e fique por dentro de todas as novidades.<\/p>\n<p><a href=\"https:\/\/www.elaborata.com.br\/contato?utm_campaign=software-50-form-contato&amp;utm_medium=cpc&amp;utm_source=facebook\"><img data-attachment-id=\"112\" data-permalink=\"https:\/\/www.elaborata.com.br\/blog\/2018\/02\/22\/montar-microcomputadores-e-dificil\/cta-infografico\/\" data-orig-file=\"https:\/\/i0.wp.com\/www.elaborata.com.br\/blog\/wp-content\/uploads\/2018\/02\/CTA-INFOGRAFICO.png?fit=1040%2C797&amp;ssl=1\" data-orig-size=\"1040,797\" data-comments-opened=\"1\" data-image-meta=\"{&quot;aperture&quot;:&quot;0&quot;,&quot;credit&quot;:&quot;&quot;,&quot;camera&quot;:&quot;&quot;,&quot;caption&quot;:&quot;&quot;,&quot;created_timestamp&quot;:&quot;0&quot;,&quot;copyright&quot;:&quot;&quot;,&quot;focal_length&quot;:&quot;0&quot;,&quot;iso&quot;:&quot;0&quot;,&quot;shutter_speed&quot;:&quot;0&quot;,&quot;title&quot;:&quot;&quot;,&quot;orientation&quot;:&quot;0&quot;}\" data-image-title=\"Combinar e escolher cores para o Design Gr\u00e1fico: Dicas &#8211; Elaborata\" data-image-description=\"\" data-medium-file=\"https:\/\/i0.wp.com\/www.elaborata.com.br\/blog\/wp-content\/uploads\/2018\/02\/CTA-INFOGRAFICO.png?fit=1024%2C785&amp;ssl=1\" data-large-file=\"https:\/\/i0.wp.com\/www.elaborata.com.br\/blog\/wp-content\/uploads\/2018\/02\/CTA-INFOGRAFICO.png?fit=640%2C491&amp;ssl=1\" loading=\"lazy\" class=\"wp-image-112 aligncenter\" src=\"https:\/\/i1.wp.com\/elaborata.com.br\/blog\/wp-content\/uploads\/2018\/02\/CTA-INFOGRAFICO-1024x785.png?resize=370%2C284&#038;ssl=1\" alt=\"Gestor de Tecnologia da Informa\u00e7\u00e3o: O que faz? - Elaborata\" width=\"370\" height=\"284\" srcset=\"https:\/\/i0.wp.com\/www.elaborata.com.br\/blog\/wp-content\/uploads\/2018\/02\/CTA-INFOGRAFICO.png?resize=1024%2C785&amp;ssl=1 1024w, https:\/\/i0.wp.com\/www.elaborata.com.br\/blog\/wp-content\/uploads\/2018\/02\/CTA-INFOGRAFICO.png?resize=768%2C589&amp;ssl=1 768w, https:\/\/i0.wp.com\/www.elaborata.com.br\/blog\/wp-content\/uploads\/2018\/02\/CTA-INFOGRAFICO.png?w=1040&amp;ssl=1 1040w\" sizes=\"(max-width: 370px) 100vw, 370px\" data-recalc-dims=\"1\" \/><\/a><\/p>\n","protected":false},"excerpt":{"rendered":"<p>A tecnologia tem evolu\u00eddo a passos largos e cada vez mais tem se tornado indispens\u00e1vel em nosso cotidiano. Ela influencia tanto em nossa vida pessoal quanto a profissional. Com isso,&#8230; <a class=\"read-more\" href=\"https:\/\/www.elaborata.com.br\/blog\/2018\/06\/04\/gestor-de-tecnologia-da-informacao-qual-a-funcao\/\">[Continue Lendo]<\/a><\/p>\n","protected":false},"author":1,"featured_media":196,"comment_status":"open","ping_status":"open","sticky":false,"template":"","format":"standard","meta":{"spay_email":"","jetpack_publicize_message":"","jetpack_is_tweetstorm":false},"categories":[11,20],"tags":[27,23,26],"yoast_head":"<!-- This site is optimized with the Yoast SEO plugin v16.2 - https:\/\/yoast.com\/wordpress\/plugins\/seo\/ -->\n<title>O que faz um Gestor de Tecnologia da Informa\u00e7\u00e3o? Entenda aqui<\/title>\n<meta name=\"description\" content=\"Voc\u00ea sabe qual a fun\u00e7\u00e3o do gestor de Tecnologia da informa\u00e7\u00e3o? Ele \u00e9 encarregado de desenvolver ferramentas que possam facilitar os processos de gest\u00e3o de seu departamento, assim como m\u00e9todos administrativos que possam garantir a seguran\u00e7a das informa\u00e7\u00f5es e...\" \/>\n<meta name=\"robots\" content=\"index, follow, max-snippet:-1, max-image-preview:large, max-video-preview:-1\" \/>\n<link rel=\"canonical\" href=\"https:\/\/www.elaborata.com.br\/blog\/2018\/06\/04\/gestor-de-tecnologia-da-informacao-qual-a-funcao\/\" \/>\n<meta property=\"og:locale\" content=\"pt_BR\" \/>\n<meta property=\"og:type\" content=\"article\" \/>\n<meta property=\"og:title\" content=\"O que faz um Gestor de Tecnologia da Informa\u00e7\u00e3o? Entenda aqui\" \/>\n<meta property=\"og:description\" content=\"Voc\u00ea sabe qual a fun\u00e7\u00e3o do gestor de Tecnologia da informa\u00e7\u00e3o? Ele \u00e9 encarregado de desenvolver ferramentas que possam facilitar os processos de gest\u00e3o de seu departamento, assim como m\u00e9todos administrativos que possam garantir a seguran\u00e7a das informa\u00e7\u00f5es e...\" \/>\n<meta property=\"og:url\" content=\"https:\/\/www.elaborata.com.br\/blog\/2018\/06\/04\/gestor-de-tecnologia-da-informacao-qual-a-funcao\/\" \/>\n<meta property=\"og:site_name\" content=\"Blog Elaborata Inform\u00e1tica\" \/>\n<meta property=\"article:published_time\" content=\"2018-06-04T14:13:40+00:00\" \/>\n<meta property=\"article:modified_time\" content=\"2018-07-04T17:22:09+00:00\" \/>\n<meta property=\"og:image\" content=\"https:\/\/i0.wp.com\/www.elaborata.com.br\/blog\/wp-content\/uploads\/2018\/06\/gestor-de-tecnologia-da-informac\u0327a\u0303o-elaborata-informa\u0301tica.jpg?fit=961%2C600&#038;ssl=1\" \/>\n\t<meta property=\"og:image:width\" content=\"961\" \/>\n\t<meta property=\"og:image:height\" content=\"600\" \/>\n<meta name=\"twitter:card\" content=\"summary_large_image\" \/>\n<meta name=\"twitter:label1\" content=\"Est. tempo de leitura\">\n\t<meta name=\"twitter:data1\" content=\"6 minutos\">\n<script type=\"application\/ld+json\" class=\"yoast-schema-graph\">{\"@context\":\"https:\/\/schema.org\",\"@graph\":[{\"@type\":\"WebSite\",\"@id\":\"https:\/\/www.elaborata.com.br\/blog\/#website\",\"url\":\"https:\/\/www.elaborata.com.br\/blog\/\",\"name\":\"Blog Elaborata Inform\\u00e1tica\",\"description\":\"Tudo sobre Tecnologia da Informa\\u00e7\\u00e3o\",\"potentialAction\":[{\"@type\":\"SearchAction\",\"target\":\"https:\/\/www.elaborata.com.br\/blog\/?s={search_term_string}\",\"query-input\":\"required name=search_term_string\"}],\"inLanguage\":\"pt-BR\"},{\"@type\":\"ImageObject\",\"@id\":\"https:\/\/www.elaborata.com.br\/blog\/2018\/06\/04\/gestor-de-tecnologia-da-informacao-qual-a-funcao\/#primaryimage\",\"inLanguage\":\"pt-BR\",\"url\":\"https:\/\/i0.wp.com\/www.elaborata.com.br\/blog\/wp-content\/uploads\/2018\/06\/gestor-de-tecnologia-da-informac\\u0327a\\u0303o-elaborata-informa\\u0301tica.jpg?fit=961%2C600&ssl=1\",\"contentUrl\":\"https:\/\/i0.wp.com\/www.elaborata.com.br\/blog\/wp-content\/uploads\/2018\/06\/gestor-de-tecnologia-da-informac\\u0327a\\u0303o-elaborata-informa\\u0301tica.jpg?fit=961%2C600&ssl=1\",\"width\":961,\"height\":600},{\"@type\":\"WebPage\",\"@id\":\"https:\/\/www.elaborata.com.br\/blog\/2018\/06\/04\/gestor-de-tecnologia-da-informacao-qual-a-funcao\/#webpage\",\"url\":\"https:\/\/www.elaborata.com.br\/blog\/2018\/06\/04\/gestor-de-tecnologia-da-informacao-qual-a-funcao\/\",\"name\":\"O que faz um Gestor de Tecnologia da Informa\\u00e7\\u00e3o? Entenda aqui\",\"isPartOf\":{\"@id\":\"https:\/\/www.elaborata.com.br\/blog\/#website\"},\"primaryImageOfPage\":{\"@id\":\"https:\/\/www.elaborata.com.br\/blog\/2018\/06\/04\/gestor-de-tecnologia-da-informacao-qual-a-funcao\/#primaryimage\"},\"datePublished\":\"2018-06-04T14:13:40+00:00\",\"dateModified\":\"2018-07-04T17:22:09+00:00\",\"author\":{\"@id\":\"https:\/\/www.elaborata.com.br\/blog\/#\/schema\/person\/d429e2f4fe4a617ecb813f2ebf317b09\"},\"description\":\"Voc\\u00ea sabe qual a fun\\u00e7\\u00e3o do gestor de Tecnologia da informa\\u00e7\\u00e3o? Ele \\u00e9 encarregado de desenvolver ferramentas que possam facilitar os processos de gest\\u00e3o de seu departamento, assim como m\\u00e9todos administrativos que possam garantir a seguran\\u00e7a das informa\\u00e7\\u00f5es e...\",\"breadcrumb\":{\"@id\":\"https:\/\/www.elaborata.com.br\/blog\/2018\/06\/04\/gestor-de-tecnologia-da-informacao-qual-a-funcao\/#breadcrumb\"},\"inLanguage\":\"pt-BR\",\"potentialAction\":[{\"@type\":\"ReadAction\",\"target\":[\"https:\/\/www.elaborata.com.br\/blog\/2018\/06\/04\/gestor-de-tecnologia-da-informacao-qual-a-funcao\/\"]}]},{\"@type\":\"BreadcrumbList\",\"@id\":\"https:\/\/www.elaborata.com.br\/blog\/2018\/06\/04\/gestor-de-tecnologia-da-informacao-qual-a-funcao\/#breadcrumb\",\"itemListElement\":[{\"@type\":\"ListItem\",\"position\":1,\"item\":{\"@type\":\"WebPage\",\"@id\":\"https:\/\/www.elaborata.com.br\/blog\/\",\"url\":\"https:\/\/www.elaborata.com.br\/blog\/\",\"name\":\"In\\u00edcio\"}},{\"@type\":\"ListItem\",\"position\":2,\"item\":{\"@id\":\"https:\/\/www.elaborata.com.br\/blog\/2018\/06\/04\/gestor-de-tecnologia-da-informacao-qual-a-funcao\/#webpage\"}}]},{\"@type\":\"Person\",\"@id\":\"https:\/\/www.elaborata.com.br\/blog\/#\/schema\/person\/d429e2f4fe4a617ecb813f2ebf317b09\",\"name\":\"Elaborata Inform\\u00e1tica\",\"image\":{\"@type\":\"ImageObject\",\"@id\":\"https:\/\/www.elaborata.com.br\/blog\/#personlogo\",\"inLanguage\":\"pt-BR\",\"url\":\"https:\/\/secure.gravatar.com\/avatar\/a130301d51c085185b7d5c063e8fd931?s=96&d=mm&r=g\",\"contentUrl\":\"https:\/\/secure.gravatar.com\/avatar\/a130301d51c085185b7d5c063e8fd931?s=96&d=mm&r=g\",\"caption\":\"Elaborata Inform\\u00e1tica\"},\"sameAs\":[\"http:\/\/www.elaborata.com.br\"]}]}<\/script>\n<!-- \/ Yoast SEO plugin. -->","jetpack_featured_media_url":"https:\/\/i0.wp.com\/www.elaborata.com.br\/blog\/wp-content\/uploads\/2018\/06\/gestor-de-tecnologia-da-informac\u0327a\u0303o-elaborata-informa\u0301tica.jpg?fit=961%2C600&ssl=1","jetpack_publicize_connections":[],"jetpack_sharing_enabled":true,"jetpack_shortlink":"https:\/\/wp.me\/pauVkp-2Z","jetpack-related-posts":[{"id":146,"url":"https:\/\/www.elaborata.com.br\/blog\/2018\/04\/12\/dicas-para-carreir-tecnologia-da-informacao\/","url_meta":{"origin":185,"position":0},"title":"5 DICAS PARA ALAVANCAR SUA CARREIRA DE T.I","date":"12\/04\/2018","format":false,"excerpt":"Ser o melhor n\u00e3o \u00e9 uma tarefa simples. Mas, alavancar a carreira na \u00e1rea de tecnologia da informa\u00e7\u00e3o pode ser mais f\u00e1cil do que voc\u00ea imagina, desde que voc\u00ea saiba o que est\u00e1 fazendo, \u00e9 claro. Sendo uma \u00e1rea com cada vez mais profissionais e procura, o T.I \u00e9 o\u2026","rel":"","context":"Em &quot;Tecnologia da Informa\u00e7\u00e3o&quot;","img":{"alt_text":"","src":"https:\/\/i1.wp.com\/www.elaborata.com.br\/blog\/wp-content\/uploads\/2018\/04\/dicas-para-alavancar-sua-carreira-de-T.I-0_00000.jpg?fit=600%2C400&ssl=1&resize=350%2C200","width":350,"height":200},"classes":[]},{"id":126,"url":"https:\/\/www.elaborata.com.br\/blog\/2018\/03\/28\/tecnologia-da-informacao-7-sinais\/","url_meta":{"origin":185,"position":1},"title":"Tecnologia da Informa\u00e7\u00e3o: 7 sinais que voc\u00ea \u00e9 expert","date":"28\/03\/2018","format":false,"excerpt":"Voc\u00ea se considera um expert em Tecnologia da Informa\u00e7\u00e3o? \u00c9 hora de testar se voc\u00ea realmente \u00e9 bom nessa \u00e1rea! Ao longo deste conte\u00fado est\u00e3o listados os 7 principais sinais que apontam se voc\u00ea \u00e9 ou n\u00e3o um expert por aqui! Curioso para aprender mais sobre o assunto e descobrir\u2026","rel":"","context":"Em &quot;Tecnologia da Informa\u00e7\u00e3o&quot;","img":{"alt_text":"tecnologia da informa\u00e7\u00e3o","src":"https:\/\/i1.wp.com\/www.elaborata.com.br\/blog\/wp-content\/uploads\/2018\/03\/33333.jpg?fit=1200%2C800&ssl=1&resize=350%2C200","width":350,"height":200},"classes":[]},{"id":531,"url":"https:\/\/www.elaborata.com.br\/blog\/2021\/10\/26\/tecnologia-da-informacao-vale-a-pena\/","url_meta":{"origin":185,"position":2},"title":"Tecnologia da Informa\u00e7\u00e3o - Vale a Pena?","date":"26\/10\/2021","format":false,"excerpt":"Tecnologia da Informa\u00e7\u00e3o Com o avan\u00e7o tecnol\u00f3gico, podemos aprovar compras atrav\u00e9s do celular, ouvir m\u00fasica em um rel\u00f3gio de pulso, entre outras diversas inova\u00e7\u00f5es que s\u00f3 foi poss\u00edvel gra\u00e7as a fortes investimentos na \u00e1rea da Tecnologia da Informa\u00e7\u00e3o, mais conhecido como TI. Vivemos em um mundo onde a tecnologia deixou\u2026","rel":"","context":"Em \"elaborata\"","img":{"alt_text":"tecnologiadainformacao-TI-elaborata","src":"https:\/\/i2.wp.com\/www.elaborata.com.br\/blog\/wp-content\/uploads\/2021\/10\/tecnologiadainformacao-TI-elaborata.jpg?fit=550%2C244&ssl=1&resize=350%2C200","width":350,"height":200},"classes":[]},{"id":152,"url":"https:\/\/www.elaborata.com.br\/blog\/2018\/04\/19\/excel-avancado-com-introducao-ao-vba\/","url_meta":{"origin":185,"position":3},"title":"CONHE\u00c7A O EXCEL AVAN\u00c7ADO COM INTRODU\u00c7\u00c3O AO VBA","date":"19\/04\/2018","format":false,"excerpt":"Trabalhar com o Excel avan\u00e7ado e com o VBA \u00e9 um recurso indispens\u00e1vel \u00e0 rotina dos profissionais de Tecnologia da Informa\u00e7\u00e3o. Facilitando muito os trabalhos que levariam tempo para serem feitos manualmente, \u00e9 uma praticidade com que o profissional precisa contar. Para aprender a utilizar tais recursos \u00e9 importante dedicar\u2026","rel":"","context":"Em &quot;Excel&quot;","img":{"alt_text":"excel avanc\u0327ado com introduc\u0327a\u0303o ao VBA - TECNOLOGIA DA INFORMA\u00c7\u00c3O","src":"https:\/\/i0.wp.com\/www.elaborata.com.br\/blog\/wp-content\/uploads\/2018\/04\/excel-avanc\u0327ado-com-introduc\u0327a\u0303o-ao-VBA-TECNOLOGIA-DA-INFORMAC\u0327A\u0303O2.png?fit=1024%2C512&ssl=1&resize=350%2C200","width":350,"height":200},"classes":[]},{"id":177,"url":"https:\/\/www.elaborata.com.br\/blog\/2018\/05\/10\/fracasso-profissional-em-ti\/","url_meta":{"origin":185,"position":4},"title":"Fracasso profissional: Como lidar com a ideia na \u00e1rea de T.I","date":"10\/05\/2018","format":false,"excerpt":"O fracasso profissional n\u00e3o \u00e9 o fim, e sim o come\u00e7o de uma nova fase. Descubra porque a ideia de estar fracassando pode acabar com a sua carreira profissional e como mudar isso. Se voc\u00ea se identifica com estas situa\u00e7\u00f5es, tome cuidado: Voc\u00ea d\u00favida da sua capacidade: V\u00e1rios s\u00e3o os\u2026","rel":"","context":"Em &quot;Tecnologia da Informa\u00e7\u00e3o&quot;","img":{"alt_text":"","src":"https:\/\/i0.wp.com\/www.elaborata.com.br\/blog\/wp-content\/uploads\/2018\/05\/fracasso-profissional.jpg?fit=1078%2C516&ssl=1&resize=350%2C200","width":350,"height":200},"classes":[]},{"id":552,"url":"https:\/\/www.elaborata.com.br\/blog\/2021\/10\/27\/analista-de-infraestrutura\/","url_meta":{"origin":185,"position":5},"title":"Analista de Infraestrutura: O que faz, carreira, sal\u00e1rio e o mercado de trabalho?","date":"27\/10\/2021","format":false,"excerpt":"O analista de infraestrutura \u00e9 um profissional importante na \u00e1rea de TI de qualquer empresa. Mas voc\u00ea sabe o que esse profissional faz e o motivo pelo qual ele \u00e9 t\u00e3o relevante? Quais s\u00e3o as suas responsabilidades e da sua rotina de trabalho? Hoje, n\u00f3s vamos falar sobre isso e\u2026","rel":"","context":"Post similar","img":{"alt_text":"analista-de-Infraestrutura","src":"https:\/\/i1.wp.com\/www.elaborata.com.br\/blog\/wp-content\/uploads\/2021\/10\/analista-de-Infraestrutura.jpg?fit=719%2C480&ssl=1&resize=350%2C200","width":350,"height":200},"classes":[]}],"jetpack_likes_enabled":true,"_links":{"self":[{"href":"https:\/\/www.elaborata.com.br\/blog\/wp-json\/wp\/v2\/posts\/185"}],"collection":[{"href":"https:\/\/www.elaborata.com.br\/blog\/wp-json\/wp\/v2\/posts"}],"about":[{"href":"https:\/\/www.elaborata.com.br\/blog\/wp-json\/wp\/v2\/types\/post"}],"author":[{"embeddable":true,"href":"https:\/\/www.elaborata.com.br\/blog\/wp-json\/wp\/v2\/users\/1"}],"replies":[{"embeddable":true,"href":"https:\/\/www.elaborata.com.br\/blog\/wp-json\/wp\/v2\/comments?post=185"}],"version-history":[{"count":16,"href":"https:\/\/www.elaborata.com.br\/blog\/wp-json\/wp\/v2\/posts\/185\/revisions"}],"predecessor-version":[{"id":301,"href":"https:\/\/www.elaborata.com.br\/blog\/wp-json\/wp\/v2\/posts\/185\/revisions\/301"}],"wp:featuredmedia":[{"embeddable":true,"href":"https:\/\/www.elaborata.com.br\/blog\/wp-json\/wp\/v2\/media\/196"}],"wp:attachment":[{"href":"https:\/\/www.elaborata.com.br\/blog\/wp-json\/wp\/v2\/media?parent=185"}],"wp:term":[{"taxonomy":"category","embeddable":true,"href":"https:\/\/www.elaborata.com.br\/blog\/wp-json\/wp\/v2\/categories?post=185"},{"taxonomy":"post_tag","embeddable":true,"href":"https:\/\/www.elaborata.com.br\/blog\/wp-json\/wp\/v2\/tags?post=185"}],"curies":[{"name":"wp","href":"https:\/\/api.w.org\/{rel}","templated":true}]}}