{"id":177,"date":"2018-05-10T13:47:56","date_gmt":"2018-05-10T13:47:56","guid":{"rendered":"https:\/\/elaborata.com.br\/blog\/?p=177"},"modified":"2018-07-04T17:20:21","modified_gmt":"2018-07-04T17:20:21","slug":"fracasso-profissional-em-ti","status":"publish","type":"post","link":"http:\/\/www.elaborata.com.br\/blog\/2018\/05\/10\/fracasso-profissional-em-ti\/","title":{"rendered":"Fracasso profissional: Como lidar com a ideia na \u00e1rea de T.I"},"content":{"rendered":"<p class=\"p2\"><span class=\"s1\">O fracasso profissional n\u00e3o \u00e9 o fim, e sim o come\u00e7o de uma nova fase. Descubra porque a ideia de estar fracassando pode acabar com a sua carreira profissional e como mudar isso.<\/span><\/p>\n<h2 class=\"p1\"><span class=\"s1\"><b>Se voc\u00ea se identifica com estas situa\u00e7\u00f5es, tome cuidado:<\/b><\/span><\/h2>\n<p><!--more--><\/p>\n<ul>\n<li class=\"li1\"><span class=\"s1\">Voc\u00ea d\u00favida da sua capacidade: V\u00e1rios s\u00e3o os momentos que voc\u00ea duvida de voc\u00ea mesmo. Voc\u00ea acredita que suas habilidades s\u00e3o limitadas e que n\u00e3o pode ir al\u00e9m;<\/span><\/li>\n<li class=\"li1\"><span class=\"s1\">Voc\u00ea n\u00e3o se compromete: Um dos grandes problemas dos profissionais da \u00e1rea de TI \u00e9 a falta de comprometimento;<\/span><\/li>\n<li class=\"li1\"><span class=\"s1\">Voc\u00ea \u00e9 inseguro: Sente como se n\u00e3o tivesse capacidade de aprender coisas novas, ou de adquirir novas habilidades. Sempre acha que seu trabalho n\u00e3o est\u00e1 t\u00e3o bom como o dos outros.<\/span><\/li>\n<li class=\"li1\"><span class=\"s1\">Voc\u00ea n\u00e3o se aperfei\u00e7oa \u2013 esta tamb\u00e9m \u00e9 uma situa\u00e7\u00e3o que vale para todas as \u00e1reas, pois as profiss\u00f5es evoluem, se modificam. Por\u00e9m na inform\u00e1tica elas evoluem dobrado, se hoje voc\u00ea sabia como funcionava, amanh\u00e3 voc\u00ea j\u00e1 pode n\u00e3o saber.<\/span><\/li>\n<li class=\"li1\"><span class=\"s1\">A culpa \u00e9 dos fatores externos \u2013 n\u00e3o coloque a culpa do seu fracasso profissional nos fatores externos. Muitas pessoas colocam o seu insucesso na conta dos outros, e este \u00e9 outro grande ponto que tem que ser levado em conta.<\/span><\/li>\n<li class=\"li1\"><span class=\"s1\">Seus sonhos n\u00e3o se materializam sozinhos \u2013 voc\u00ea escolheu a sua profiss\u00e3o, estudou, batalhou e chegou l\u00e1. O que talvez n\u00e3o tenha percebido \u00e9 que essa busca nunca para, alcan\u00e7ar sonhos \u00e9 uma tarefa infinita da vida.<\/span><\/li>\n<li class=\"li1\"><span class=\"s1\">Desculpas n\u00e3o levam ao sucesso \u2013 desculpas s\u00e3o coisas que crian\u00e7as falam para disfar\u00e7ar o seu erro. Adultos assumem e resolvem, mas muitos adultos n\u00e3o percebem isso e continuam encontrando desculpas para justificar as suas falhas.<\/span><\/li>\n<li class=\"li1\"><span class=\"s1\">\u201cO pior cego \u00e9 o que n\u00e3o quer ver\u201d \u2013 para fechar esta lista, voc\u00ea n\u00e3o admite suas falhas. Por mais que saiba que elas existem e que est\u00e3o ali, voc\u00ea n\u00e3o quer enxergar que precisa mudar para garantir que n\u00e3o fracasse.<\/span><\/li>\n<\/ul>\n<h2 class=\"p3\"><span class=\"s1\"><span class=\"Apple-converted-space\">\u00a0Eu me identifiquei com um ou mais itens da lista, e agora?<\/span><\/span><\/h2>\n<p class=\"p1\"><span class=\"s1\">Muitos podem ser os motivos que levem uma pessoa a criar uma ideia ou pensar que fracassou profissionalmente. Uma escolha errada, uma sociedade mal atrelada, um negocio mal planejado.<\/span><\/p>\n<p class=\"p1\"><span class=\"s1\">Por\u00e9m, o fracasso n\u00e3o \u00e9 uma derrota, deixar que a marca <b>\u201cfracasso profissional\u201d<\/b> fique grifada na sua vida, isso sim \u00e9 implac\u00e1vel.\u00a0<\/span><span class=\"s1\">Ningu\u00e9m est\u00e1 livre de cometer erros, como voc\u00ea vai solucionar e sair destes erros \u00e9 que se encontra a chave para o seu sucesso.<\/span><\/p>\n<h2 class=\"p1\"><span class=\"s1\"><b>Como identificar um fracasso profissional?<\/b><\/span><\/h2>\n<p class=\"p1\"><span class=\"s1\">Como dissemos acima, muitos podem ser os motivos que fazem uma pessoa pensar que fracassou. Entretanto, se voc\u00ea conseguir avaliar racionalmente, e descobrir onde ocorreram estas falhas, aceitar e dar a volta por cima se torna muito mais f\u00e1cil.<\/span><\/p>\n<p class=\"p1\"><span class=\"s1\"> A seguir, vamos listar alguns est\u00e1gios que levam ao decl\u00ednio e que podem ser identificados enquanto est\u00e3o acontecendo. Com uma an\u00e1lise prematura dos problemas, se torna mais f\u00e1cil reorganizar o ciclo e entrar novamente em eleva\u00e7\u00e3o:<\/span><\/p>\n<ul>\n<li class=\"p1\"><span class=\"s1\">Voc\u00ea obteve o sucesso, sua confian\u00e7a est\u00e1 em alta, e sua humildade est\u00e1 em baixa. Voc\u00ea est\u00e1 caminhando para o fracasso;<\/span><\/li>\n<li class=\"p1\"><span class=\"s1\">Sua carreira est\u00e1 em expans\u00e3o e nada \u00e9 capaz de lhe parar. Passar por cima de outros profissionais e ignorar os valores. Esses s\u00e3o fatores cruciais que te levam ao decl\u00ednio e voc\u00ea nem percebe;<\/span><\/li>\n<li class=\"p1\"><span class=\"s1\">Voc\u00ea n\u00e3o acredita que vai fracassar;<\/span><\/li>\n<li class=\"p1\"><span class=\"s1\">Percebe os erros que cometeu e se desespera para tentar consert\u00e1-los;<\/span><\/li>\n<li class=\"p1\"><span class=\"s1\">Como j\u00e1 \u00e9 tarde demais, quase sempre, nesta etapa o <b>fracasso profissional<\/b> j\u00e1 \u00e9 irrevers\u00edvel.<\/span><\/li>\n<\/ul>\n<p class=\"p1\"><span class=\"s1\">Analisando estes est\u00e1gios, percebemos que identificar esse desfiladeiro que se est\u00e1 prestes a cair n\u00e3o \u00e9 nada simples. Al\u00e9m disso, precisamos eliminar a vaidade, o ego e admitir caso estejamos cometendo estes erros.<\/span><\/p>\n<p class=\"p1\"><span class=\"s1\">Mas j\u00e1 que voc\u00ea est\u00e1 lendo este artigo, j\u00e1 pode permitir que estas id\u00e9ias entrem na sua cabe\u00e7a! Desconstruir a imagem de que o fracasso ocorre de uma vez s\u00f3 \u00e9 muito importante. Afinal, isso n\u00e3o \u00e9 verdadeiro e o fracasso d\u00e1-se aos poucos. Se estivermos atentos ele sinaliza que est\u00e1 acontecendo, nos resta conseguir enxerg\u00e1-lo e lidar com ele.<\/span><\/p>\n<p>&nbsp;<\/p>\n<p><a href=\"http:\/\/conteudo.elaborata.com.br\/infografico-20-melhores-capacitacoes-para-2018-na-area-de-ti?utm_campaign=infografico&amp;utm_medium=cta&amp;utm_source=fracasso\"><img data-attachment-id=\"112\" data-permalink=\"http:\/\/www.elaborata.com.br\/blog\/2018\/02\/22\/montar-microcomputadores-e-dificil\/cta-infografico\/\" data-orig-file=\"https:\/\/i0.wp.com\/www.elaborata.com.br\/blog\/wp-content\/uploads\/2018\/02\/CTA-INFOGRAFICO.png?fit=1040%2C797\" data-orig-size=\"1040,797\" data-comments-opened=\"1\" data-image-meta=\"{&quot;aperture&quot;:&quot;0&quot;,&quot;credit&quot;:&quot;&quot;,&quot;camera&quot;:&quot;&quot;,&quot;caption&quot;:&quot;&quot;,&quot;created_timestamp&quot;:&quot;0&quot;,&quot;copyright&quot;:&quot;&quot;,&quot;focal_length&quot;:&quot;0&quot;,&quot;iso&quot;:&quot;0&quot;,&quot;shutter_speed&quot;:&quot;0&quot;,&quot;title&quot;:&quot;&quot;,&quot;orientation&quot;:&quot;0&quot;}\" data-image-title=\"Combinar e escolher cores para o Design Gr\u00e1fico: Dicas &#8211; Elaborata\" data-image-description=\"\" data-medium-file=\"https:\/\/i0.wp.com\/www.elaborata.com.br\/blog\/wp-content\/uploads\/2018\/02\/CTA-INFOGRAFICO.png?fit=1024%2C785\" data-large-file=\"https:\/\/i0.wp.com\/www.elaborata.com.br\/blog\/wp-content\/uploads\/2018\/02\/CTA-INFOGRAFICO.png?fit=640%2C491\" loading=\"lazy\" class=\"aligncenter wp-image-112\" src=\"https:\/\/i1.wp.com\/elaborata.com.br\/blog\/wp-content\/uploads\/2018\/02\/CTA-INFOGRAFICO-1024x785.png?resize=370%2C284&#038;ssl=1\" alt=\"fracasso profissional - Elaborata Inform\u00e1tica\" width=\"370\" height=\"284\" srcset=\"https:\/\/i0.wp.com\/www.elaborata.com.br\/blog\/wp-content\/uploads\/2018\/02\/CTA-INFOGRAFICO.png?resize=1024%2C785 1024w, https:\/\/i0.wp.com\/www.elaborata.com.br\/blog\/wp-content\/uploads\/2018\/02\/CTA-INFOGRAFICO.png?resize=768%2C589 768w, https:\/\/i0.wp.com\/www.elaborata.com.br\/blog\/wp-content\/uploads\/2018\/02\/CTA-INFOGRAFICO.png?w=1040 1040w\" sizes=\"(max-width: 370px) 100vw, 370px\" data-recalc-dims=\"1\" \/><\/a><\/p>\n<p>&nbsp;<\/p>\n<h2 class=\"p1\"><span class=\"s1\"><b>Como se recuperar de um fracasso ou de uma id\u00e9ia de fracasso profissional?<\/b><\/span><\/h2>\n<p class=\"p1\"><span class=\"s1\">Para se recuperar desta ideologia \u00e9 primeiro identificar em quais situa\u00e7\u00f5es voc\u00ea est\u00e1 falhando. Ap\u00f3s isso, encontre maneiras de melhorar em cada uma delas.<\/span><\/p>\n<p class=\"p1\"><span class=\"s1\">Conhecer a si mesmo e aceitar as suas fraquezas \u00e9 extremamente dif\u00edcil. Admita que voc\u00ea tem falhas, pois quando aceitamos que as temos, facilitamos para n\u00f3s mesmos este processo de recupera\u00e7\u00e3o;<\/span><\/p>\n<p class=\"p1\"><span class=\"s1\">O mesmo n\u00e3o te leva a lugar nenhum \u2013 andar pelas mesmas ruas, fazer as mesmas coisas, comer o mesmo caf\u00e9 da manh\u00e3, se voc\u00ea n\u00e3o se permitir mudar, consequentemente as coisas continuar\u00e3o acontecendo exatamente da mesma forma.<\/span><\/p>\n<p class=\"p1\"><span class=\"s1\">Pe\u00e7a ajuda \u2013 se voc\u00ea n\u00e3o est\u00e1 conseguindo reagir nem perceber que as coisas n\u00e3o andam bem, tenha humildade e busque ajuda! Procure pessoas que te ajudem a enxergar as coisas de maneira clara.<\/span><\/p>\n<p class=\"p1\"><span class=\"s1\">Estudar sempre e mais \u2013 Buscar o aperfei\u00e7oamento \u00e9 um trabalho eterno, voc\u00ea pode ser muito bom no que faz, mas se n\u00e3o evoluir junto com a sua profiss\u00e3o, ela ir\u00e1 fazer com que voc\u00ea se torne um profissional meia boca.<\/span><\/p>\n<h2 class=\"p1\"><span class=\"s1\"><b>E quais s\u00e3o as op\u00e7\u00f5es para conseguir se tornar um profissional de TI cada vez melhor<\/b><\/span><\/h2>\n<p><img data-attachment-id=\"294\" data-permalink=\"http:\/\/www.elaborata.com.br\/blog\/2018\/05\/10\/fracasso-profissional-em-ti\/pexels-photo-277017\/\" data-orig-file=\"https:\/\/i0.wp.com\/www.elaborata.com.br\/blog\/wp-content\/uploads\/2018\/05\/pexels-photo-277017.png?fit=1000%2C533\" data-orig-size=\"1000,533\" data-comments-opened=\"1\" data-image-meta=\"{&quot;aperture&quot;:&quot;0&quot;,&quot;credit&quot;:&quot;&quot;,&quot;camera&quot;:&quot;&quot;,&quot;caption&quot;:&quot;&quot;,&quot;created_timestamp&quot;:&quot;0&quot;,&quot;copyright&quot;:&quot;&quot;,&quot;focal_length&quot;:&quot;0&quot;,&quot;iso&quot;:&quot;0&quot;,&quot;shutter_speed&quot;:&quot;0&quot;,&quot;title&quot;:&quot;&quot;,&quot;orientation&quot;:&quot;0&quot;}\" data-image-title=\"Fracasso profissional: Como lidar com a ideia na \u00e1rea de T.I &#8211; Elaborata\" data-image-description=\"&lt;p&gt;Fracasso profissional: Como lidar com a ideia na \u00e1rea de T.I &#8211; Elaborata&lt;\/p&gt;\n\" data-medium-file=\"https:\/\/i0.wp.com\/www.elaborata.com.br\/blog\/wp-content\/uploads\/2018\/05\/pexels-photo-277017.png?fit=1000%2C533\" data-large-file=\"https:\/\/i0.wp.com\/www.elaborata.com.br\/blog\/wp-content\/uploads\/2018\/05\/pexels-photo-277017.png?fit=640%2C341\" loading=\"lazy\" class=\"aligncenter wp-image-294\" src=\"https:\/\/i0.wp.com\/elaborata.com.br\/blog\/wp-content\/uploads\/2018\/05\/pexels-photo-277017.png?resize=563%2C300&#038;ssl=1\" alt=\"Fracasso profissional: Como lidar com a ideia na \u00e1rea de T.I - Elaborata\" width=\"563\" height=\"300\" srcset=\"https:\/\/i0.wp.com\/www.elaborata.com.br\/blog\/wp-content\/uploads\/2018\/05\/pexels-photo-277017.png?w=1000 1000w, https:\/\/i0.wp.com\/www.elaborata.com.br\/blog\/wp-content\/uploads\/2018\/05\/pexels-photo-277017.png?resize=768%2C409 768w\" sizes=\"(max-width: 563px) 100vw, 563px\" data-recalc-dims=\"1\" \/><\/p>\n<p class=\"p1\"><span class=\"s1\">Fazer o que \u00e9 certo, n\u00e3o o que \u00e9 f\u00e1cil \u2013 busque ser um profissional s\u00e9rio e respeitado, pois o car\u00e1ter e a retid\u00e3o, s\u00e3o as suas melhores qualidades, trate seus clientes com respeito e mantenha o foco no seu bom atendimento.<\/span><\/p>\n<p class=\"p1\"><span class=\"s1\">Acreditar nos seus sonhos \u2013 inove sempre! Acredite nas suas inspira\u00e7\u00f5es e se voc\u00ea n\u00e3o consegue fazer se tornar realidade sozinho, busque parceiros para fazer isso. O mercado digital est\u00e1 cada vez em maior expans\u00e3o, seja criativo, use isso a seu favor.<\/span><\/p>\n<p class=\"p1\"><span class=\"s1\">Se livrar de cren\u00e7as limitantes \u2013 se n\u00e3o consegue acreditar mais em voc\u00ea mesmo sozinho, procure ajuda, se reinvente, s\u00f3 n\u00e3o se permita ficar aprisionado a estes pensamentos que n\u00e3o te levam a lugar nenhum.<\/span><\/p>\n<p class=\"p1\"><span class=\"s1\">Ser motivado \u2013 des\u00e2nimo todos sentimos \u00e0s vezes, mas permitir que isso tome conta da sua vida \u00e9 um caminho sem volta. Trabalhar o seu pensamento para buscar a motiva\u00e7\u00e3o \u00e9 fundamental, busque cursos, palestras, leia livros, se alimente de tudo que pode te enriquecer e motivar.<\/span><\/p>\n<p class=\"p1\"><span class=\"s1\">Ficar feliz com o crescimento dos outros \u2013 voc\u00ea recebe aquilo que emite, ent\u00e3o comemorar a felicidade e o crescimento das pessoas a sua volta, sejam concorrentes, amigos ou aliados \u00e9 imprescind\u00edvel para mais coisas boas chegarem at\u00e9 voc\u00ea, a internet \u00e9 ilimitada e tem espa\u00e7o para todos, por\u00e9m quem mais trabalha, mais alcan\u00e7a.<\/span><\/p>\n<p class=\"p1\"><span class=\"s1\">Batalhe e corra atr\u00e1s do que voc\u00ea sonha, n\u00e3o espere as coisas ca\u00edrem na sua m\u00e3o, busque tudo que voc\u00ea puder e se torne um \u00f3timo profissional.<\/span><\/p>\n<p>Descubra tamb\u00e9m <a href=\"https:\/\/elaborata.com.br\/blog\/2018\/04\/12\/dicas-para-carreir-tecnologia-da-informacao\/\">5 dicas que podem ajudar voc\u00ea a alavancar sua carreira em T.I<\/a><\/p>\n<p><a href=\"http:\/\/conteudo.elaborata.com.br\/e-book-qual-a-importancia-da-tecnologia-da-informacao-nas-empresas?utm_campaign=ebook&amp;utm_medium=cta&amp;utm_source=fracasso\"><img data-attachment-id=\"113\" data-permalink=\"http:\/\/www.elaborata.com.br\/blog\/2018\/02\/22\/montar-microcomputadores-e-dificil\/cta-ebook\/\" data-orig-file=\"https:\/\/i0.wp.com\/www.elaborata.com.br\/blog\/wp-content\/uploads\/2018\/02\/CTA-EBOOK.png?fit=1040%2C797\" data-orig-size=\"1040,797\" data-comments-opened=\"1\" data-image-meta=\"{&quot;aperture&quot;:&quot;0&quot;,&quot;credit&quot;:&quot;&quot;,&quot;camera&quot;:&quot;&quot;,&quot;caption&quot;:&quot;&quot;,&quot;created_timestamp&quot;:&quot;0&quot;,&quot;copyright&quot;:&quot;&quot;,&quot;focal_length&quot;:&quot;0&quot;,&quot;iso&quot;:&quot;0&quot;,&quot;shutter_speed&quot;:&quot;0&quot;,&quot;title&quot;:&quot;&quot;,&quot;orientation&quot;:&quot;0&quot;}\" data-image-title=\"fracasso profissional &#8211; Elaborata Inform\u00e1tica\" data-image-description=\"\" data-medium-file=\"https:\/\/i0.wp.com\/www.elaborata.com.br\/blog\/wp-content\/uploads\/2018\/02\/CTA-EBOOK.png?fit=1024%2C785\" data-large-file=\"https:\/\/i0.wp.com\/www.elaborata.com.br\/blog\/wp-content\/uploads\/2018\/02\/CTA-EBOOK.png?fit=640%2C491\" loading=\"lazy\" class=\"aligncenter wp-image-113\" src=\"https:\/\/i1.wp.com\/elaborata.com.br\/blog\/wp-content\/uploads\/2018\/02\/CTA-EBOOK-1024x785.png?resize=370%2C284&#038;ssl=1\" alt=\"fracasso profissional - Elaborata Inform\u00e1tica\" width=\"370\" height=\"284\" srcset=\"https:\/\/i0.wp.com\/www.elaborata.com.br\/blog\/wp-content\/uploads\/2018\/02\/CTA-EBOOK.png?resize=1024%2C785 1024w, https:\/\/i0.wp.com\/www.elaborata.com.br\/blog\/wp-content\/uploads\/2018\/02\/CTA-EBOOK.png?resize=768%2C589 768w, https:\/\/i0.wp.com\/www.elaborata.com.br\/blog\/wp-content\/uploads\/2018\/02\/CTA-EBOOK.png?w=1040 1040w\" sizes=\"(max-width: 370px) 100vw, 370px\" data-recalc-dims=\"1\" \/><\/a><\/p>\n","protected":false},"excerpt":{"rendered":"<p>O fracasso profissional n\u00e3o \u00e9 o fim, e sim o come\u00e7o de uma nova fase. Descubra porque a ideia de estar fracassando pode acabar com a sua carreira profissional e&#8230; <a class=\"read-more\" href=\"http:\/\/www.elaborata.com.br\/blog\/2018\/05\/10\/fracasso-profissional-em-ti\/\">[Continue Lendo]<\/a><\/p>\n","protected":false},"author":1,"featured_media":180,"comment_status":"open","ping_status":"open","sticky":false,"template":"","format":"standard","meta":{"spay_email":"","jetpack_publicize_message":"","jetpack_is_tweetstorm":false},"categories":[20],"tags":[27,23,26,22],"yoast_head":"<!-- This site is optimized with the Yoast SEO plugin v16.2 - https:\/\/yoast.com\/wordpress\/plugins\/seo\/ -->\n<title>Como lidar com a ideia de fracasso profissional na \u00e1rea de T.I<\/title>\n<meta name=\"description\" content=\"Lidar com o fracasso profissional n\u00e3o \u00e9 uma coisa f\u00e1cil. Neste artigo damos dicas para quem tem de lidar com isso, e como enfrentar essa batalha para se superar e seguir em frente. Este artigo serve principalmente para os profissionais da \u00e1rea de T.I que est\u00e3o ou j\u00e1 passaram por essa situa\u00e7\u00e3o.\" \/>\n<meta name=\"robots\" content=\"index, follow, max-snippet:-1, max-image-preview:large, max-video-preview:-1\" \/>\n<link rel=\"canonical\" href=\"https:\/\/www.elaborata.com.br\/blog\/2018\/05\/10\/fracasso-profissional-em-ti\/\" \/>\n<meta property=\"og:locale\" content=\"pt_BR\" \/>\n<meta property=\"og:type\" content=\"article\" \/>\n<meta property=\"og:title\" content=\"Como lidar com a ideia de fracasso profissional na \u00e1rea de T.I\" \/>\n<meta property=\"og:description\" content=\"Lidar com o fracasso profissional n\u00e3o \u00e9 uma coisa f\u00e1cil. Neste artigo damos dicas para quem tem de lidar com isso, e como enfrentar essa batalha para se superar e seguir em frente. Este artigo serve principalmente para os profissionais da \u00e1rea de T.I que est\u00e3o ou j\u00e1 passaram por essa situa\u00e7\u00e3o.\" \/>\n<meta property=\"og:url\" content=\"https:\/\/www.elaborata.com.br\/blog\/2018\/05\/10\/fracasso-profissional-em-ti\/\" \/>\n<meta property=\"og:site_name\" content=\"Blog Elaborata Inform\u00e1tica\" \/>\n<meta property=\"article:published_time\" content=\"2018-05-10T13:47:56+00:00\" \/>\n<meta property=\"article:modified_time\" content=\"2018-07-04T17:20:21+00:00\" \/>\n<meta property=\"og:image\" content=\"https:\/\/i0.wp.com\/www.elaborata.com.br\/blog\/wp-content\/uploads\/2018\/05\/fracasso-profissional.jpg?fit=1078%2C516&#038;ssl=1\" \/>\n\t<meta property=\"og:image:width\" content=\"1078\" \/>\n\t<meta property=\"og:image:height\" content=\"516\" \/>\n<meta name=\"twitter:card\" content=\"summary_large_image\" \/>\n<meta name=\"twitter:label1\" content=\"Est. tempo de leitura\">\n\t<meta name=\"twitter:data1\" content=\"6 minutos\">\n<script type=\"application\/ld+json\" class=\"yoast-schema-graph\">{\"@context\":\"https:\/\/schema.org\",\"@graph\":[{\"@type\":\"WebSite\",\"@id\":\"https:\/\/www.elaborata.com.br\/blog\/#website\",\"url\":\"https:\/\/www.elaborata.com.br\/blog\/\",\"name\":\"Blog Elaborata Inform\\u00e1tica\",\"description\":\"Tudo sobre Tecnologia da Informa\\u00e7\\u00e3o\",\"potentialAction\":[{\"@type\":\"SearchAction\",\"target\":\"https:\/\/www.elaborata.com.br\/blog\/?s={search_term_string}\",\"query-input\":\"required name=search_term_string\"}],\"inLanguage\":\"pt-BR\"},{\"@type\":\"ImageObject\",\"@id\":\"https:\/\/www.elaborata.com.br\/blog\/2018\/05\/10\/fracasso-profissional-em-ti\/#primaryimage\",\"inLanguage\":\"pt-BR\",\"url\":\"https:\/\/i0.wp.com\/www.elaborata.com.br\/blog\/wp-content\/uploads\/2018\/05\/fracasso-profissional.jpg?fit=1078%2C516\",\"contentUrl\":\"https:\/\/i0.wp.com\/www.elaborata.com.br\/blog\/wp-content\/uploads\/2018\/05\/fracasso-profissional.jpg?fit=1078%2C516\",\"width\":1078,\"height\":516,\"caption\":\"fracasso profissional - elaborata inform\\u00e1tica\"},{\"@type\":\"WebPage\",\"@id\":\"https:\/\/www.elaborata.com.br\/blog\/2018\/05\/10\/fracasso-profissional-em-ti\/#webpage\",\"url\":\"https:\/\/www.elaborata.com.br\/blog\/2018\/05\/10\/fracasso-profissional-em-ti\/\",\"name\":\"Como lidar com a ideia de fracasso profissional na \\u00e1rea de T.I\",\"isPartOf\":{\"@id\":\"https:\/\/www.elaborata.com.br\/blog\/#website\"},\"primaryImageOfPage\":{\"@id\":\"https:\/\/www.elaborata.com.br\/blog\/2018\/05\/10\/fracasso-profissional-em-ti\/#primaryimage\"},\"datePublished\":\"2018-05-10T13:47:56+00:00\",\"dateModified\":\"2018-07-04T17:20:21+00:00\",\"author\":{\"@id\":\"https:\/\/www.elaborata.com.br\/blog\/#\/schema\/person\/d429e2f4fe4a617ecb813f2ebf317b09\"},\"description\":\"Lidar com o fracasso profissional n\\u00e3o \\u00e9 uma coisa f\\u00e1cil. Neste artigo damos dicas para quem tem de lidar com isso, e como enfrentar essa batalha para se superar e seguir em frente. Este artigo serve principalmente para os profissionais da \\u00e1rea de T.I que est\\u00e3o ou j\\u00e1 passaram por essa situa\\u00e7\\u00e3o.\",\"breadcrumb\":{\"@id\":\"https:\/\/www.elaborata.com.br\/blog\/2018\/05\/10\/fracasso-profissional-em-ti\/#breadcrumb\"},\"inLanguage\":\"pt-BR\",\"potentialAction\":[{\"@type\":\"ReadAction\",\"target\":[\"https:\/\/www.elaborata.com.br\/blog\/2018\/05\/10\/fracasso-profissional-em-ti\/\"]}]},{\"@type\":\"BreadcrumbList\",\"@id\":\"https:\/\/www.elaborata.com.br\/blog\/2018\/05\/10\/fracasso-profissional-em-ti\/#breadcrumb\",\"itemListElement\":[{\"@type\":\"ListItem\",\"position\":1,\"item\":{\"@type\":\"WebPage\",\"@id\":\"https:\/\/www.elaborata.com.br\/blog\/\",\"url\":\"https:\/\/www.elaborata.com.br\/blog\/\",\"name\":\"In\\u00edcio\"}},{\"@type\":\"ListItem\",\"position\":2,\"item\":{\"@id\":\"https:\/\/www.elaborata.com.br\/blog\/2018\/05\/10\/fracasso-profissional-em-ti\/#webpage\"}}]},{\"@type\":\"Person\",\"@id\":\"https:\/\/www.elaborata.com.br\/blog\/#\/schema\/person\/d429e2f4fe4a617ecb813f2ebf317b09\",\"name\":\"Elaborata Inform\\u00e1tica\",\"image\":{\"@type\":\"ImageObject\",\"@id\":\"https:\/\/www.elaborata.com.br\/blog\/#personlogo\",\"inLanguage\":\"pt-BR\",\"url\":\"http:\/\/1.gravatar.com\/avatar\/a130301d51c085185b7d5c063e8fd931?s=96&d=mm&r=g\",\"contentUrl\":\"http:\/\/1.gravatar.com\/avatar\/a130301d51c085185b7d5c063e8fd931?s=96&d=mm&r=g\",\"caption\":\"Elaborata Inform\\u00e1tica\"},\"sameAs\":[\"http:\/\/www.elaborata.com.br\"]}]}<\/script>\n<!-- \/ Yoast SEO plugin. -->","jetpack_featured_media_url":"https:\/\/i0.wp.com\/www.elaborata.com.br\/blog\/wp-content\/uploads\/2018\/05\/fracasso-profissional.jpg?fit=1078%2C516","jetpack_publicize_connections":[],"jetpack_sharing_enabled":true,"jetpack_shortlink":"https:\/\/wp.me\/pauVkp-2R","jetpack-related-posts":[{"id":137,"url":"http:\/\/www.elaborata.com.br\/blog\/2018\/04\/05\/curso-manutencao-de-microcomputadores\/","url_meta":{"origin":177,"position":0},"title":"A import\u00e2ncia de fazer um bom curso manuten\u00e7\u00e3o de microcomputadores","date":"05\/04\/2018","format":false,"excerpt":"O mercado de microcomputadores vem ganhando cada vez mais espa\u00e7o no mundo atual. S\u00f3 no Brasil, existem mais de 136 milh\u00f5es de computadores em uso. Conforme mostra a pesquisa realizada pela Escola de Administra\u00e7\u00e3o de Empresas da Funda\u00e7\u00e3o Get\u00falio Vargas. Por isso, investir em um bom curso manuten\u00e7\u00e3o de microcomputadores,\u2026","rel":"","context":"Em &quot;Hardware&quot;","img":{"alt_text":"curso de manutenc\u0327a\u0303o de computadores - tecnologia da informac\u0327a\u0303o - informa\u0301tica","src":"https:\/\/i1.wp.com\/www.elaborata.com.br\/blog\/wp-content\/uploads\/2018\/04\/curso-manutenc\u0327a\u0303o-de-computadores-tecnologia-da-informac\u0327a\u0303o-informa\u0301tica.jpg?fit=1200%2C728&resize=350%2C200","width":350,"height":200},"classes":[]},{"id":146,"url":"http:\/\/www.elaborata.com.br\/blog\/2018\/04\/12\/dicas-para-carreir-tecnologia-da-informacao\/","url_meta":{"origin":177,"position":1},"title":"5 DICAS PARA ALAVANCAR SUA CARREIRA DE T.I","date":"12\/04\/2018","format":false,"excerpt":"Ser o melhor n\u00e3o \u00e9 uma tarefa simples. Mas, alavancar a carreira na \u00e1rea de tecnologia da informa\u00e7\u00e3o pode ser mais f\u00e1cil do que voc\u00ea imagina, desde que voc\u00ea saiba o que est\u00e1 fazendo, \u00e9 claro. Sendo uma \u00e1rea com cada vez mais profissionais e procura, o T.I \u00e9 o\u2026","rel":"","context":"Em &quot;Tecnologia da Informa\u00e7\u00e3o&quot;","img":{"alt_text":"","src":"https:\/\/i1.wp.com\/www.elaborata.com.br\/blog\/wp-content\/uploads\/2018\/04\/dicas-para-alavancar-sua-carreira-de-T.I-0_00000.jpg?fit=600%2C400&resize=350%2C200","width":350,"height":200},"classes":[]},{"id":396,"url":"http:\/\/www.elaborata.com.br\/blog\/2018\/07\/12\/comecar-estudar-programacao\/","url_meta":{"origin":177,"position":2},"title":"Como come\u00e7ar a estudar Programa\u00e7\u00e3o?","date":"12\/07\/2018","format":false,"excerpt":"Muitos estudantes ou at\u00e9 mesmo profissionais que desejam mudar sua \u00e1rea de trabalho tem as mesmas perguntas. Como trabalhar com programa\u00e7\u00e3o? Quanto \u00e9 preciso saber programar para trabalhar? \u00c9 necess\u00e1ria forma\u00e7\u00e3o para trabalhar na \u00e1rea? Devo come\u00e7ar a estudar programa\u00e7\u00e3o sozinho ou em cursos? Essas e outras perguntas responderemos hoje\u2026","rel":"","context":"Em &quot;Programa\u00e7\u00e3o&quot;","img":{"alt_text":"","src":"https:\/\/i2.wp.com\/www.elaborata.com.br\/blog\/wp-content\/uploads\/2018\/07\/02.jpg?fit=960%2C640&resize=350%2C200","width":350,"height":200},"classes":[]},{"id":531,"url":"http:\/\/www.elaborata.com.br\/blog\/2021\/10\/26\/tecnologia-da-informacao-vale-a-pena\/","url_meta":{"origin":177,"position":3},"title":"Tecnologia da Informa\u00e7\u00e3o - Vale a Pena?","date":"26\/10\/2021","format":false,"excerpt":"Tecnologia da Informa\u00e7\u00e3o Com o avan\u00e7o tecnol\u00f3gico, podemos aprovar compras atrav\u00e9s do celular, ouvir m\u00fasica em um rel\u00f3gio de pulso, entre outras diversas inova\u00e7\u00f5es que s\u00f3 foi poss\u00edvel gra\u00e7as a fortes investimentos na \u00e1rea da Tecnologia da Informa\u00e7\u00e3o, mais conhecido como TI. Vivemos em um mundo onde a tecnologia deixou\u2026","rel":"","context":"Em \"elaborata\"","img":{"alt_text":"tecnologiadainformacao-TI-elaborata","src":"https:\/\/i2.wp.com\/www.elaborata.com.br\/blog\/wp-content\/uploads\/2021\/10\/tecnologiadainformacao-TI-elaborata.jpg?fit=550%2C244&resize=350%2C200","width":350,"height":200},"classes":[]},{"id":126,"url":"http:\/\/www.elaborata.com.br\/blog\/2018\/03\/28\/tecnologia-da-informacao-7-sinais\/","url_meta":{"origin":177,"position":4},"title":"Tecnologia da Informa\u00e7\u00e3o: 7 sinais que voc\u00ea \u00e9 expert","date":"28\/03\/2018","format":false,"excerpt":"Voc\u00ea se considera um expert em Tecnologia da Informa\u00e7\u00e3o? \u00c9 hora de testar se voc\u00ea realmente \u00e9 bom nessa \u00e1rea! Ao longo deste conte\u00fado est\u00e3o listados os 7 principais sinais que apontam se voc\u00ea \u00e9 ou n\u00e3o um expert por aqui! Curioso para aprender mais sobre o assunto e descobrir\u2026","rel":"","context":"Em &quot;Tecnologia da Informa\u00e7\u00e3o&quot;","img":{"alt_text":"tecnologia da informa\u00e7\u00e3o","src":"https:\/\/i1.wp.com\/www.elaborata.com.br\/blog\/wp-content\/uploads\/2018\/03\/33333.jpg?fit=1200%2C800&resize=350%2C200","width":350,"height":200},"classes":[]},{"id":152,"url":"http:\/\/www.elaborata.com.br\/blog\/2018\/04\/19\/excel-avancado-com-introducao-ao-vba\/","url_meta":{"origin":177,"position":5},"title":"CONHE\u00c7A O EXCEL AVAN\u00c7ADO COM INTRODU\u00c7\u00c3O AO VBA","date":"19\/04\/2018","format":false,"excerpt":"Trabalhar com o Excel avan\u00e7ado e com o VBA \u00e9 um recurso indispens\u00e1vel \u00e0 rotina dos profissionais de Tecnologia da Informa\u00e7\u00e3o. Facilitando muito os trabalhos que levariam tempo para serem feitos manualmente, \u00e9 uma praticidade com que o profissional precisa contar. Para aprender a utilizar tais recursos \u00e9 importante dedicar\u2026","rel":"","context":"Em &quot;Excel&quot;","img":{"alt_text":"excel avanc\u0327ado com introduc\u0327a\u0303o ao VBA - TECNOLOGIA DA INFORMA\u00c7\u00c3O","src":"https:\/\/i0.wp.com\/www.elaborata.com.br\/blog\/wp-content\/uploads\/2018\/04\/excel-avanc\u0327ado-com-introduc\u0327a\u0303o-ao-VBA-TECNOLOGIA-DA-INFORMAC\u0327A\u0303O2.png?fit=1024%2C512&resize=350%2C200","width":350,"height":200},"classes":[]}],"jetpack_likes_enabled":true,"_links":{"self":[{"href":"http:\/\/www.elaborata.com.br\/blog\/wp-json\/wp\/v2\/posts\/177"}],"collection":[{"href":"http:\/\/www.elaborata.com.br\/blog\/wp-json\/wp\/v2\/posts"}],"about":[{"href":"http:\/\/www.elaborata.com.br\/blog\/wp-json\/wp\/v2\/types\/post"}],"author":[{"embeddable":true,"href":"http:\/\/www.elaborata.com.br\/blog\/wp-json\/wp\/v2\/users\/1"}],"replies":[{"embeddable":true,"href":"http:\/\/www.elaborata.com.br\/blog\/wp-json\/wp\/v2\/comments?post=177"}],"version-history":[{"count":7,"href":"http:\/\/www.elaborata.com.br\/blog\/wp-json\/wp\/v2\/posts\/177\/revisions"}],"predecessor-version":[{"id":386,"href":"http:\/\/www.elaborata.com.br\/blog\/wp-json\/wp\/v2\/posts\/177\/revisions\/386"}],"wp:featuredmedia":[{"embeddable":true,"href":"http:\/\/www.elaborata.com.br\/blog\/wp-json\/wp\/v2\/media\/180"}],"wp:attachment":[{"href":"http:\/\/www.elaborata.com.br\/blog\/wp-json\/wp\/v2\/media?parent=177"}],"wp:term":[{"taxonomy":"category","embeddable":true,"href":"http:\/\/www.elaborata.com.br\/blog\/wp-json\/wp\/v2\/categories?post=177"},{"taxonomy":"post_tag","embeddable":true,"href":"http:\/\/www.elaborata.com.br\/blog\/wp-json\/wp\/v2\/tags?post=177"}],"curies":[{"name":"wp","href":"https:\/\/api.w.org\/{rel}","templated":true}]}}