{"id":163,"date":"2018-04-26T18:07:22","date_gmt":"2018-04-26T18:07:22","guid":{"rendered":"http:\/\/elaborata.com.br\/blog\/?p=163"},"modified":"2020-01-04T18:22:50","modified_gmt":"2020-01-04T20:22:50","slug":"macros-em-excel","status":"publish","type":"post","link":"http:\/\/www.elaborata.com.br\/blog\/2018\/04\/26\/macros-em-excel\/","title":{"rendered":"Excel : O que s\u00e3o macros e como us\u00e1-los?"},"content":{"rendered":"<p class=\"p1\"><span class=\"s1\">Funcionando de forma semelhante a um atalho, <b>macros em Excel<\/b> s\u00e3o fun\u00e7\u00f5es e comandos complementares as f\u00f3rmulas padr\u00e3o do programa. <\/span><\/p>\n<p class=\"p1\"><span class=\"s1\">Servindo justamente para as ocasi\u00f5es em que as op\u00e7\u00f5es b\u00e1sicas n\u00e3o d\u00e3o conta da complexidade necess\u00e1ria, os macros s\u00e3o important\u00edssimos! <\/span><\/p>\n<p class=\"p1\"><span class=\"s1\">Dessa forma \u00e9 poss\u00edvel deixar tudo armazenado em <a href=\"https:\/\/elaborata.com.br\/blog\/2018\/05\/03\/o-que-e-vba\/\" target=\"_blank\" rel=\"noopener noreferrer\">VBA <\/a><\/span><span class=\"s1\">para usar apenas nos momentos em que tais sequenciamentos s\u00e3o imprescind\u00edveis.<\/span><\/p>\n<p class=\"p1\"><span class=\"s1\">Quer saber <b>como fazer macro no Exce<\/b>l e entender o assunto mais a fundo? Voc\u00ea est\u00e1 no conte\u00fado certo! Ao longo deste texto voc\u00ea descobrir\u00e1 dicas e informa\u00e7\u00f5es importantes sobre o tema. N\u00e3o deixe de acompanhar.<\/span><\/p>\n<p><!--more--><\/p>\n<h2 class=\"p3\"><span class=\"s1\"><b>Como fazer macro em Excel?<\/b><\/span><\/h2>\n<p class=\"p1\"><span class=\"s1\">Para entender a import\u00e2ncia e descobrir <b>como fazer macro em Excel<\/b> imagine a seguinte situa\u00e7\u00e3o: Diariamente voc\u00ea precisa executar 25 comandos e etapas nas suas planilhas e relat\u00f3rios. Cansativo e robotizado, n\u00e3o \u00e9 mesmo?<\/span><\/p>\n<p class=\"p1\"><span class=\"s1\">E quantas n\u00e3o s\u00e3o as chances de que erros sejam cometidos ao longo desta execu\u00e7\u00e3o? Muitos! A fim de automatizar isso tudo surgem os macros em Excel. Eles resolvem o que levaria a manh\u00e3 toda, por exemplo, em poucos segundos!<\/span><\/p>\n<p class=\"p1\"><span class=\"s1\">Na hora de fazer a cria\u00e7\u00e3o vale citar que s\u00e3o duas as possibilidades: A primeira delas \u00e9 a partir do uso do VBA. A outra delas \u00e9 optando pelo uso de um gravador de macro, op\u00e7\u00e3o dispon\u00edvel no painel do Excel.<\/span><\/p>\n<p class=\"p1\"><span class=\"s1\">Com uma linguagem bem simples, n\u00e3o \u00e9 preciso ser especialista para criar um macro. Basta apenas ter os conhecimentos b\u00e1sicos do programa em dia e entender a necessidade por tr\u00e1s da solu\u00e7\u00e3o buscada.<\/span><\/p>\n<p class=\"p1\"><span class=\"s1\">Ap\u00f3s criar este que ser\u00e1 um atalho, \u00e9 importante definir um atalho para que este sempre seja acionado na hora de executar o c\u00f3digo.<\/span><\/p>\n<h2 class=\"p3\"><span class=\"s1\"><b>Cuidados na hora de gravar um macro em Excel<\/b><\/span><\/h2>\n<p><img data-attachment-id=\"288\" data-permalink=\"http:\/\/www.elaborata.com.br\/blog\/2018\/04\/26\/macros-em-excel\/pexels-photo-461077\/\" data-orig-file=\"https:\/\/i1.wp.com\/www.elaborata.com.br\/blog\/wp-content\/uploads\/2018\/04\/pexels-photo-461077.jpeg?fit=1000%2C667\" data-orig-size=\"1000,667\" data-comments-opened=\"1\" data-image-meta=\"{&quot;aperture&quot;:&quot;0&quot;,&quot;credit&quot;:&quot;&quot;,&quot;camera&quot;:&quot;&quot;,&quot;caption&quot;:&quot;&quot;,&quot;created_timestamp&quot;:&quot;0&quot;,&quot;copyright&quot;:&quot;&quot;,&quot;focal_length&quot;:&quot;0&quot;,&quot;iso&quot;:&quot;0&quot;,&quot;shutter_speed&quot;:&quot;0&quot;,&quot;title&quot;:&quot;&quot;,&quot;orientation&quot;:&quot;0&quot;}\" data-image-title=\"Excel : O que s\u00e3o macros e como us\u00e1-los? &#8211; Elaborata\" data-image-description=\"&lt;p&gt;Excel : O que s\u00e3o macros e como us\u00e1-los? &#8211; Elaborata&lt;\/p&gt;\n\" data-medium-file=\"https:\/\/i1.wp.com\/www.elaborata.com.br\/blog\/wp-content\/uploads\/2018\/04\/pexels-photo-461077.jpeg?fit=1000%2C667\" data-large-file=\"https:\/\/i1.wp.com\/www.elaborata.com.br\/blog\/wp-content\/uploads\/2018\/04\/pexels-photo-461077.jpeg?fit=640%2C427\" loading=\"lazy\" class=\"aligncenter wp-image-288\" src=\"https:\/\/i1.wp.com\/elaborata.com.br\/blog\/wp-content\/uploads\/2018\/04\/pexels-photo-461077.jpeg?resize=450%2C300&#038;ssl=1\" alt=\"Excel : O que s\u00e3o macros e como us\u00e1-los? - Elaborata\" width=\"450\" height=\"300\" srcset=\"https:\/\/i1.wp.com\/www.elaborata.com.br\/blog\/wp-content\/uploads\/2018\/04\/pexels-photo-461077.jpeg?w=1000 1000w, https:\/\/i1.wp.com\/www.elaborata.com.br\/blog\/wp-content\/uploads\/2018\/04\/pexels-photo-461077.jpeg?resize=768%2C512 768w\" sizes=\"(max-width: 450px) 100vw, 450px\" data-recalc-dims=\"1\" \/><\/p>\n<p class=\"p1\"><span class=\"s1\">Mas, n\u00e3o s\u00f3 de praticidade vive um programador! E justamente por isso \u00e9 importante destacar alguns dos principais cuidados que o programador deve ter na hora de criar e gravar o seu <b>macro em Excel<\/b>. <\/span><\/p>\n<p class=\"p1\"><span class=\"s1\">A primeira aten\u00e7\u00e3o especial \u00e9 na hora de destacar quais s\u00e3o as etapas desse c\u00f3digo. Se voc\u00ea n\u00e3o planejar minuciosamente como ser\u00e1 a execu\u00e7\u00e3o dos trabalhos, \u00e9 poss\u00edvel que venha agravar erros. <\/span><\/p>\n<p class=\"p1\"><span class=\"s1\">Esses ser\u00e3o incessantemente repetidos prejudicando toda a qualidade e veracidade dos seus dados. E com certeza voc\u00ea n\u00e3o quer isso, n\u00e3o \u00e9 mesmo?<\/span><\/p>\n<p class=\"p1\"><span class=\"s1\">Para n\u00e3o incorrer em erros, desenhe todo o esbo\u00e7o do seu macro em Excel antes de come\u00e7ar a cri\u00e1-lo de fato. E acompanhe as primeiras execu\u00e7\u00f5es para reafirmar se o c\u00f3digo est\u00e1 dando realmente certo, \u00e9 claro.<\/span><\/p>\n<h2 class=\"p3\"><span class=\"s1\"><b>Onde usar macros?<\/b><\/span><\/h2>\n<p class=\"p1\"><span class=\"s1\">Agora que voc\u00ea j\u00e1 sabe o que \u00e9 e <b>como fazer macro em Excel<\/b> \u00e9 v\u00e1lido ainda destacar algumas das principais aplica\u00e7\u00f5es desse atalho. <\/span><\/p>\n<p class=\"p1\"><span class=\"s1\">Comumente voc\u00ea encontrar\u00e1, e tamb\u00e9m desenvolver\u00e1, macros para criar tabelas de boas vindas ou marcadores personalizados, por exemplo. Os profissionais que conhecem bem as estrat\u00e9gias de cria\u00e7\u00e3o de VBA podem usar ainda para criar caixas de di\u00e1logo, suplementos e muito mais.<\/span><\/p>\n<p class=\"p1\"><span class=\"s1\">Uma coisa \u00e9 certa: Independente de onde usar e aplicar macros, \u00e9 inquestion\u00e1vel que esses atalhos economizam tempo. E como bem se sabe, tempo \u00e9 dinheiro! <\/span><\/p>\n<p class=\"p1\"><span class=\"s1\">Essa economia reverte em um funcion\u00e1rio trabalhando por mais tempo em outras \u00e1reas importantes da empresa. Por isso, a diminui\u00e7\u00e3o dos erros tamb\u00e9m \u00e9 outra gigantesca vantagem de trabalhar com a automatiza\u00e7\u00e3o desses recursos.<\/span><\/p>\n<p class=\"p1\"><span class=\"s1\">Por fim, \u00e9 interessante destacar que o atalho macro \u00e9 significativamente seguro. Ao mandar para outros usu\u00e1rios \u00e9 poss\u00edvel enviar uma assinatura digital que certifica a confiabilidade do arquivo.<\/span><\/p>\n<h2 class=\"p4\"><span class=\"s1\"><b>Como remover macros?<\/b><\/span><\/h2>\n<p class=\"p1\"><span class=\"s1\">Se os resultados da cria\u00e7\u00e3o de um macro n\u00e3o s\u00e3o exatamente o que voc\u00ea pretendia, ou se voc\u00ea deseja remov\u00ea-lo completamente, v\u00e1 para o canto superior esquerdo da aba \u201cDesenvolvedor\u201d e selecione o \u00edcone Macros. <\/span><\/p>\n<ul>\n<li class=\"li1\"><span class=\"s1\">Nele, voc\u00ea ver\u00e1 v\u00e1rios macros dispon\u00edveis e op\u00e7\u00f5es para editar ou exclu\u00ed-los. <\/span><\/li>\n<li class=\"li1\"><span class=\"s1\">Clicando no bot\u00e3o \u201cOp\u00e7\u00f5es\u201d, voc\u00ea pode alterar a tecla de atalho. Por\u00e9m, se voc\u00ea optar pelos bot\u00f5es \u201cEditar\u201d, voc\u00ea ser\u00e1 levado ao editor do Visual Basic, onde voc\u00ea pode ajustar diretamente o c\u00f3digo se desejar.<\/span><\/li>\n<\/ul>\n<p><a href=\"https:\/\/conteudos.elaborata.com.br\/e-book-qual-a-importancia-da-tecnologia-da-informacao-nas-empresas?utm_campaign=ebook&amp;utm_medium=cta&amp;utm_source=macro-excel\" target=\"_blank\" rel=\"noopener noreferrer\"><img data-attachment-id=\"113\" data-permalink=\"http:\/\/www.elaborata.com.br\/blog\/2018\/02\/22\/montar-microcomputadores-e-dificil\/cta-ebook\/\" data-orig-file=\"https:\/\/i0.wp.com\/www.elaborata.com.br\/blog\/wp-content\/uploads\/2018\/02\/CTA-EBOOK.png?fit=1040%2C797\" data-orig-size=\"1040,797\" data-comments-opened=\"1\" data-image-meta=\"{&quot;aperture&quot;:&quot;0&quot;,&quot;credit&quot;:&quot;&quot;,&quot;camera&quot;:&quot;&quot;,&quot;caption&quot;:&quot;&quot;,&quot;created_timestamp&quot;:&quot;0&quot;,&quot;copyright&quot;:&quot;&quot;,&quot;focal_length&quot;:&quot;0&quot;,&quot;iso&quot;:&quot;0&quot;,&quot;shutter_speed&quot;:&quot;0&quot;,&quot;title&quot;:&quot;&quot;,&quot;orientation&quot;:&quot;0&quot;}\" data-image-title=\"fracasso profissional &#8211; Elaborata Inform\u00e1tica\" data-image-description=\"\" data-medium-file=\"https:\/\/i0.wp.com\/www.elaborata.com.br\/blog\/wp-content\/uploads\/2018\/02\/CTA-EBOOK.png?fit=1024%2C785\" data-large-file=\"https:\/\/i0.wp.com\/www.elaborata.com.br\/blog\/wp-content\/uploads\/2018\/02\/CTA-EBOOK.png?fit=640%2C491\" loading=\"lazy\" class=\"aligncenter wp-image-113\" src=\"https:\/\/i1.wp.com\/elaborata.com.br\/blog\/wp-content\/uploads\/2018\/02\/CTA-EBOOK-1024x785.png?resize=370%2C284\" alt=\"tecnologia da informa\u00e7\u00e3o\" width=\"370\" height=\"284\" srcset=\"https:\/\/i0.wp.com\/www.elaborata.com.br\/blog\/wp-content\/uploads\/2018\/02\/CTA-EBOOK.png?resize=1024%2C785 1024w, https:\/\/i0.wp.com\/www.elaborata.com.br\/blog\/wp-content\/uploads\/2018\/02\/CTA-EBOOK.png?resize=768%2C589 768w, https:\/\/i0.wp.com\/www.elaborata.com.br\/blog\/wp-content\/uploads\/2018\/02\/CTA-EBOOK.png?w=1040 1040w\" sizes=\"(max-width: 370px) 100vw, 370px\" data-recalc-dims=\"1\" \/><\/a><\/p>\n<h2 class=\"p4\"><span class=\"s1\"><b>COMO EXECUTAR MACROS EM FOLHAS DE TRABALHO PROTEGIDAS<\/b><\/span><\/h2>\n<p class=\"p5\"><span class=\"s1\">Sabemos que o erro humano muitas vezes confunde c\u00e1lculos complicados ou modelos elegantes configurados no Excel. <\/span><\/p>\n<p class=\"p5\"><span class=\"s1\">Por isso, muitos de n\u00f3s protegem planilhas usando o &#8220;Me.Protect&#8221; dentro de nossos macros. Por\u00e9m, h\u00e1 uma desvantagem ao fazer isso. Proteger folhas desativa o funcionamento dos macros!<\/span><\/p>\n<ul>\n<li class=\"li5\"><span class=\"s1\">Um caminho arriscado:<\/span><\/li>\n<\/ul>\n<p class=\"p5\"><span class=\"s1\">Uma maneira de contornar esse problema \u00e9 construir um backdoor em seu c\u00f3digo. Este backdoor envolve basicamente as seguintes tr\u00eas etapas:<\/span><\/p>\n<ul>\n<li class=\"li5\"><span class=\"s1\">Desproteger a folha;<\/span><\/li>\n<li class=\"li5\"><span class=\"s1\">Executar o c\u00f3digo que se deseja que seja executado;<\/span><\/li>\n<li class=\"li5\"><span class=\"s1\">Proteger a folha de novo.<\/span><\/li>\n<\/ul>\n<p class=\"p5\"><span class=\"s1\">Parece ser uma maneira muito inteligente de abordar o problema, mas existe um risco. <\/span><\/p>\n<p class=\"p5\"><span class=\"s1\">Se o c\u00f3digo encontrar um erro por algum motivo, o passo final n\u00e3o ser\u00e1 executado. O que significa que a planilha n\u00e3o ser\u00e1 protegida novamente, portanto, essa \u00e9 uma jogada de risco.<\/span><\/p>\n<ul>\n<li class=\"li5\"><span class=\"s1\">A melhor maneira<\/span><\/li>\n<\/ul>\n<p class=\"p5\"><span class=\"s1\">&#8211; Ao proteger uma planilha dentro de nossos macros, usamos o comando &#8220;Me.Protect&#8221;. <\/span><\/p>\n<p class=\"p5\"><span class=\"s1\">&#8211; Isso permite a prote\u00e7\u00e3o da planilha e desabilita todos os macros que se seguem de execu\u00e7\u00e3o. <\/span><\/p>\n<p class=\"p5\"><span class=\"s1\">&#8211; Al\u00e9m disso, aparece um erro dizendo isso. Por\u00e9m, h\u00e1 uma op\u00e7\u00e3o dentro deste m\u00e9todo de &#8216;Proteger&#8217; que permite que apenas a interface do usu\u00e1rio seja bloqueada.<\/span><\/p>\n<p class=\"p5\"><span class=\"s1\">&#8211; Se o comando &#8220;Me.Protect UserInterfaceOnly: = True&#8221; for fornecido, isso \u00e9 exatamente o que acontecer\u00e1. <\/span><\/p>\n<p class=\"p5\"><span class=\"s1\">&#8211; Apenas a interface do usu\u00e1rio est\u00e1 protegida. E &#8230; voc\u00ea adivinhou certo, as macros que se seguem seriam executadas como est\u00e3o.<\/span><\/p>\n<h2 class=\"p5\"><span class=\"s1\"><b>Conclus\u00e3o<\/b><\/span><\/h2>\n<p class=\"p5\"><span class=\"s1\">E por fim, \u00e9 hora de experimentar os macros! N\u00e3o deixe de compartilhar isso com seus colegas! \u00c9 essencial obter toda a ajuda necess\u00e1ria na hora de facilitar o seu dia a dia.<\/span><\/p>\n<p class=\"p1\"><span class=\"s1\">Gostou de descobrir <b>como fazer macro no Excel<\/b>? Tem buscado formas de se profissionalizar mais em Tecnologia da Informa\u00e7\u00e3o? Aproveite para checar outro artigo, <\/span><a href=\"http:\/\/elaborata.com.br\/blog\/2018\/04\/12\/dicas-para-carreir-tecnologia-da-informacao\/\"><span class=\"s2\">5 dicas para alavancar sua carreira de TI<\/span><\/a><span class=\"s1\">, e cres\u00e7a na \u00e1rea!<\/span><\/p>\n<p>Para aprender mais sobre excel procure um curso ou entre em contato com a <a href=\"http:\/\/www.elaborata.com.br\/?utm_campaign=macros-excel&amp;utm_medium=blog&amp;utm_source=link\">Elaborata<\/a>.<\/p>\n<p><a href=\"https:\/\/conteudos.elaborata.com.br\/infografico-20-melhores-capacitacoes-para-2018-na-area-de-ti?utm_campaign=infografico&amp;utm_medium=cta&amp;utm_source=macro-excel\" target=\"_blank\" rel=\"noopener noreferrer\"><img data-attachment-id=\"112\" data-permalink=\"http:\/\/www.elaborata.com.br\/blog\/2018\/02\/22\/montar-microcomputadores-e-dificil\/cta-infografico\/\" data-orig-file=\"https:\/\/i0.wp.com\/www.elaborata.com.br\/blog\/wp-content\/uploads\/2018\/02\/CTA-INFOGRAFICO.png?fit=1040%2C797\" data-orig-size=\"1040,797\" data-comments-opened=\"1\" data-image-meta=\"{&quot;aperture&quot;:&quot;0&quot;,&quot;credit&quot;:&quot;&quot;,&quot;camera&quot;:&quot;&quot;,&quot;caption&quot;:&quot;&quot;,&quot;created_timestamp&quot;:&quot;0&quot;,&quot;copyright&quot;:&quot;&quot;,&quot;focal_length&quot;:&quot;0&quot;,&quot;iso&quot;:&quot;0&quot;,&quot;shutter_speed&quot;:&quot;0&quot;,&quot;title&quot;:&quot;&quot;,&quot;orientation&quot;:&quot;0&quot;}\" data-image-title=\"Combinar e escolher cores para o Design Gr\u00e1fico: Dicas &#8211; Elaborata\" data-image-description=\"\" data-medium-file=\"https:\/\/i0.wp.com\/www.elaborata.com.br\/blog\/wp-content\/uploads\/2018\/02\/CTA-INFOGRAFICO.png?fit=1024%2C785\" data-large-file=\"https:\/\/i0.wp.com\/www.elaborata.com.br\/blog\/wp-content\/uploads\/2018\/02\/CTA-INFOGRAFICO.png?fit=640%2C491\" loading=\"lazy\" class=\"aligncenter wp-image-112\" src=\"https:\/\/i1.wp.com\/elaborata.com.br\/blog\/wp-content\/uploads\/2018\/02\/CTA-INFOGRAFICO-1024x785.png?resize=370%2C284\" alt=\"macros excel - elaborata inform\u00e1tica\" width=\"370\" height=\"284\" srcset=\"https:\/\/i0.wp.com\/www.elaborata.com.br\/blog\/wp-content\/uploads\/2018\/02\/CTA-INFOGRAFICO.png?resize=1024%2C785 1024w, https:\/\/i0.wp.com\/www.elaborata.com.br\/blog\/wp-content\/uploads\/2018\/02\/CTA-INFOGRAFICO.png?resize=768%2C589 768w, https:\/\/i0.wp.com\/www.elaborata.com.br\/blog\/wp-content\/uploads\/2018\/02\/CTA-INFOGRAFICO.png?w=1040 1040w\" sizes=\"(max-width: 370px) 100vw, 370px\" data-recalc-dims=\"1\" \/><\/a><\/p>\n","protected":false},"excerpt":{"rendered":"<p>Funcionando de forma semelhante a um atalho, macros em Excel s\u00e3o fun\u00e7\u00f5es e comandos complementares as f\u00f3rmulas padr\u00e3o do programa. Servindo justamente para as ocasi\u00f5es em que as op\u00e7\u00f5es b\u00e1sicas&#8230; <a class=\"read-more\" href=\"http:\/\/www.elaborata.com.br\/blog\/2018\/04\/26\/macros-em-excel\/\">[Continue Lendo]<\/a><\/p>\n","protected":false},"author":1,"featured_media":164,"comment_status":"open","ping_status":"open","sticky":false,"template":"","format":"standard","meta":{"spay_email":"","jetpack_publicize_message":"","jetpack_is_tweetstorm":false},"categories":[13],"tags":[23,29,28],"yoast_head":"<!-- This site is optimized with the Yoast SEO plugin v16.2 - https:\/\/yoast.com\/wordpress\/plugins\/seo\/ -->\n<title>Excel: O que s\u00e3o macros e como us\u00e1-los? - Blog Elaborata<\/title>\n<meta name=\"description\" content=\"Voc\u00ea sabe o que s\u00e3o macros e como \u00e9 poss\u00edvel fazer macro em excel? Se a resposta for n\u00e3o, a hora para sobre o assunto \u00e9 agora, ao longo deste conte\u00fado! Confira nesse artigo como funciona!\" \/>\n<meta name=\"robots\" content=\"index, follow, max-snippet:-1, max-image-preview:large, max-video-preview:-1\" \/>\n<link rel=\"canonical\" href=\"http:\/\/www.elaborata.com.br\/blog\/2018\/04\/26\/macros-em-excel\/\" \/>\n<meta property=\"og:locale\" content=\"pt_BR\" \/>\n<meta property=\"og:type\" content=\"article\" \/>\n<meta property=\"og:title\" content=\"Excel: O que s\u00e3o macros e como us\u00e1-los? - Blog Elaborata\" \/>\n<meta property=\"og:description\" content=\"Voc\u00ea sabe o que s\u00e3o macros e como \u00e9 poss\u00edvel fazer macro em excel? Se a resposta for n\u00e3o, a hora para sobre o assunto \u00e9 agora, ao longo deste conte\u00fado! Confira nesse artigo como funciona!\" \/>\n<meta property=\"og:url\" content=\"http:\/\/www.elaborata.com.br\/blog\/2018\/04\/26\/macros-em-excel\/\" \/>\n<meta property=\"og:site_name\" content=\"Blog Elaborata Inform\u00e1tica\" \/>\n<meta property=\"article:published_time\" content=\"2018-04-26T18:07:22+00:00\" \/>\n<meta property=\"article:modified_time\" content=\"2020-01-04T20:22:50+00:00\" \/>\n<meta property=\"og:image\" content=\"https:\/\/i1.wp.com\/www.elaborata.com.br\/blog\/wp-content\/uploads\/2018\/04\/O-que-sa\u0303o-macros-em-excel-e-como-usa\u0301-los_00002.jpg?fit=600%2C400&#038;ssl=1\" \/>\n\t<meta property=\"og:image:width\" content=\"600\" \/>\n\t<meta property=\"og:image:height\" content=\"400\" \/>\n<meta name=\"twitter:card\" content=\"summary_large_image\" \/>\n<meta name=\"twitter:label1\" content=\"Est. tempo de leitura\">\n\t<meta name=\"twitter:data1\" content=\"5 minutos\">\n<script type=\"application\/ld+json\" class=\"yoast-schema-graph\">{\"@context\":\"https:\/\/schema.org\",\"@graph\":[{\"@type\":\"WebSite\",\"@id\":\"https:\/\/www.elaborata.com.br\/blog\/#website\",\"url\":\"https:\/\/www.elaborata.com.br\/blog\/\",\"name\":\"Blog Elaborata Inform\\u00e1tica\",\"description\":\"Tudo sobre Tecnologia da Informa\\u00e7\\u00e3o\",\"potentialAction\":[{\"@type\":\"SearchAction\",\"target\":\"https:\/\/www.elaborata.com.br\/blog\/?s={search_term_string}\",\"query-input\":\"required name=search_term_string\"}],\"inLanguage\":\"pt-BR\"},{\"@type\":\"ImageObject\",\"@id\":\"http:\/\/www.elaborata.com.br\/blog\/2018\/04\/26\/macros-em-excel\/#primaryimage\",\"inLanguage\":\"pt-BR\",\"url\":\"https:\/\/i1.wp.com\/www.elaborata.com.br\/blog\/wp-content\/uploads\/2018\/04\/O-que-sa\\u0303o-macros-em-excel-e-como-usa\\u0301-los_00002.jpg?fit=600%2C400\",\"contentUrl\":\"https:\/\/i1.wp.com\/www.elaborata.com.br\/blog\/wp-content\/uploads\/2018\/04\/O-que-sa\\u0303o-macros-em-excel-e-como-usa\\u0301-los_00002.jpg?fit=600%2C400\",\"width\":600,\"height\":400,\"caption\":\"O que sa\\u0303o macros em excel e como usa\\u0301-los - elaborata inform\\u00e1tica\"},{\"@type\":\"WebPage\",\"@id\":\"http:\/\/www.elaborata.com.br\/blog\/2018\/04\/26\/macros-em-excel\/#webpage\",\"url\":\"http:\/\/www.elaborata.com.br\/blog\/2018\/04\/26\/macros-em-excel\/\",\"name\":\"Excel: O que s\\u00e3o macros e como us\\u00e1-los? - Blog Elaborata\",\"isPartOf\":{\"@id\":\"https:\/\/www.elaborata.com.br\/blog\/#website\"},\"primaryImageOfPage\":{\"@id\":\"http:\/\/www.elaborata.com.br\/blog\/2018\/04\/26\/macros-em-excel\/#primaryimage\"},\"datePublished\":\"2018-04-26T18:07:22+00:00\",\"dateModified\":\"2020-01-04T20:22:50+00:00\",\"author\":{\"@id\":\"https:\/\/www.elaborata.com.br\/blog\/#\/schema\/person\/d429e2f4fe4a617ecb813f2ebf317b09\"},\"description\":\"Voc\\u00ea sabe o que s\\u00e3o macros e como \\u00e9 poss\\u00edvel fazer macro em excel? Se a resposta for n\\u00e3o, a hora para sobre o assunto \\u00e9 agora, ao longo deste conte\\u00fado! Confira nesse artigo como funciona!\",\"breadcrumb\":{\"@id\":\"http:\/\/www.elaborata.com.br\/blog\/2018\/04\/26\/macros-em-excel\/#breadcrumb\"},\"inLanguage\":\"pt-BR\",\"potentialAction\":[{\"@type\":\"ReadAction\",\"target\":[\"http:\/\/www.elaborata.com.br\/blog\/2018\/04\/26\/macros-em-excel\/\"]}]},{\"@type\":\"BreadcrumbList\",\"@id\":\"http:\/\/www.elaborata.com.br\/blog\/2018\/04\/26\/macros-em-excel\/#breadcrumb\",\"itemListElement\":[{\"@type\":\"ListItem\",\"position\":1,\"item\":{\"@type\":\"WebPage\",\"@id\":\"https:\/\/www.elaborata.com.br\/blog\/\",\"url\":\"https:\/\/www.elaborata.com.br\/blog\/\",\"name\":\"In\\u00edcio\"}},{\"@type\":\"ListItem\",\"position\":2,\"item\":{\"@id\":\"http:\/\/www.elaborata.com.br\/blog\/2018\/04\/26\/macros-em-excel\/#webpage\"}}]},{\"@type\":\"Person\",\"@id\":\"https:\/\/www.elaborata.com.br\/blog\/#\/schema\/person\/d429e2f4fe4a617ecb813f2ebf317b09\",\"name\":\"Elaborata Inform\\u00e1tica\",\"image\":{\"@type\":\"ImageObject\",\"@id\":\"https:\/\/www.elaborata.com.br\/blog\/#personlogo\",\"inLanguage\":\"pt-BR\",\"url\":\"http:\/\/1.gravatar.com\/avatar\/a130301d51c085185b7d5c063e8fd931?s=96&d=mm&r=g\",\"contentUrl\":\"http:\/\/1.gravatar.com\/avatar\/a130301d51c085185b7d5c063e8fd931?s=96&d=mm&r=g\",\"caption\":\"Elaborata Inform\\u00e1tica\"},\"sameAs\":[\"http:\/\/www.elaborata.com.br\"]}]}<\/script>\n<!-- \/ Yoast SEO plugin. -->","jetpack_featured_media_url":"https:\/\/i1.wp.com\/www.elaborata.com.br\/blog\/wp-content\/uploads\/2018\/04\/O-que-sa\u0303o-macros-em-excel-e-como-usa\u0301-los_00002.jpg?fit=600%2C400","jetpack_publicize_connections":[],"jetpack_sharing_enabled":true,"jetpack_shortlink":"https:\/\/wp.me\/pauVkp-2D","jetpack-related-posts":[{"id":152,"url":"http:\/\/www.elaborata.com.br\/blog\/2018\/04\/19\/excel-avancado-com-introducao-ao-vba\/","url_meta":{"origin":163,"position":0},"title":"CONHE\u00c7A O EXCEL AVAN\u00c7ADO COM INTRODU\u00c7\u00c3O AO VBA","date":"19\/04\/2018","format":false,"excerpt":"Trabalhar com o Excel avan\u00e7ado e com o VBA \u00e9 um recurso indispens\u00e1vel \u00e0 rotina dos profissionais de Tecnologia da Informa\u00e7\u00e3o. Facilitando muito os trabalhos que levariam tempo para serem feitos manualmente, \u00e9 uma praticidade com que o profissional precisa contar. Para aprender a utilizar tais recursos \u00e9 importante dedicar\u2026","rel":"","context":"Em &quot;Excel&quot;","img":{"alt_text":"excel avanc\u0327ado com introduc\u0327a\u0303o ao VBA - TECNOLOGIA DA INFORMA\u00c7\u00c3O","src":"https:\/\/i0.wp.com\/www.elaborata.com.br\/blog\/wp-content\/uploads\/2018\/04\/excel-avanc\u0327ado-com-introduc\u0327a\u0303o-ao-VBA-TECNOLOGIA-DA-INFORMAC\u0327A\u0303O2.png?fit=1024%2C512&resize=350%2C200","width":350,"height":200},"classes":[]},{"id":169,"url":"http:\/\/www.elaborata.com.br\/blog\/2018\/05\/03\/o-que-e-vba\/","url_meta":{"origin":163,"position":1},"title":"Afinal, o que \u00e9 VBA?","date":"03\/05\/2018","format":false,"excerpt":"No mundo da inform\u00e1tica, o que n\u00e3o faltam s\u00e3o siglas e c\u00f3digos que definem e programam sistemas. Neste contexto, saber o que \u00e9 VBA \u00e9 importante para trabalhar no ambiente virtual. Afinal, faz parte de um renomado pacote. O que \u00e9 VBA ent\u00e3o? A sigla significa Visual Basic for Applications,\u2026","rel":"","context":"Em &quot;Excel&quot;","img":{"alt_text":"Afinal, o que e\u0301 VBA - elaborata inform\u00e1tica","src":"https:\/\/i0.wp.com\/www.elaborata.com.br\/blog\/wp-content\/uploads\/2018\/05\/Afinal-o-que-e\u0301-VBA_00002.jpg?fit=600%2C400&resize=350%2C200","width":350,"height":200},"classes":[]},{"id":558,"url":"http:\/\/www.elaborata.com.br\/blog\/2024\/04\/10\/vale-a-pena-investir-em-um-curso-de-excel-avancado\/","url_meta":{"origin":163,"position":2},"title":"Vale a pena investir em um curso de Excel avan\u00e7ado?","date":"10\/04\/2024","format":false,"excerpt":"J\u00e1 se perguntou se precisa de um Curso de Excel Avan\u00e7ado? Ent\u00e3o o artigo de hoje \u00e9 para voc\u00ea! Muitas pessoas possuem d\u00favida por j\u00e1 terem alguma no\u00e7\u00e3o de onde mexer no programa, mas quando entram em uma empresa e precisam preparar planilhas mais complexas, n\u00e3o conseguem executar, encarando o\u2026","rel":"","context":"Em \"ti\"","img":{"alt_text":"curso-de-excel-avan\u00e7ado","src":"https:\/\/i2.wp.com\/www.elaborata.com.br\/blog\/wp-content\/uploads\/2021\/10\/curso-de-excel-avancado.jpg?fit=643%2C533&resize=350%2C200","width":350,"height":200},"classes":[]},{"id":396,"url":"http:\/\/www.elaborata.com.br\/blog\/2018\/07\/12\/comecar-estudar-programacao\/","url_meta":{"origin":163,"position":3},"title":"Como come\u00e7ar a estudar Programa\u00e7\u00e3o?","date":"12\/07\/2018","format":false,"excerpt":"Muitos estudantes ou at\u00e9 mesmo profissionais que desejam mudar sua \u00e1rea de trabalho tem as mesmas perguntas. Como trabalhar com programa\u00e7\u00e3o? Quanto \u00e9 preciso saber programar para trabalhar? \u00c9 necess\u00e1ria forma\u00e7\u00e3o para trabalhar na \u00e1rea? Devo come\u00e7ar a estudar programa\u00e7\u00e3o sozinho ou em cursos? Essas e outras perguntas responderemos hoje\u2026","rel":"","context":"Em &quot;Programa\u00e7\u00e3o&quot;","img":{"alt_text":"","src":"https:\/\/i2.wp.com\/www.elaborata.com.br\/blog\/wp-content\/uploads\/2018\/07\/02.jpg?fit=960%2C640&resize=350%2C200","width":350,"height":200},"classes":[]},{"id":146,"url":"http:\/\/www.elaborata.com.br\/blog\/2018\/04\/12\/dicas-para-carreir-tecnologia-da-informacao\/","url_meta":{"origin":163,"position":4},"title":"5 DICAS PARA ALAVANCAR SUA CARREIRA DE T.I","date":"12\/04\/2018","format":false,"excerpt":"Ser o melhor n\u00e3o \u00e9 uma tarefa simples. Mas, alavancar a carreira na \u00e1rea de tecnologia da informa\u00e7\u00e3o pode ser mais f\u00e1cil do que voc\u00ea imagina, desde que voc\u00ea saiba o que est\u00e1 fazendo, \u00e9 claro. Sendo uma \u00e1rea com cada vez mais profissionais e procura, o T.I \u00e9 o\u2026","rel":"","context":"Em &quot;Tecnologia da Informa\u00e7\u00e3o&quot;","img":{"alt_text":"","src":"https:\/\/i1.wp.com\/www.elaborata.com.br\/blog\/wp-content\/uploads\/2018\/04\/dicas-para-alavancar-sua-carreira-de-T.I-0_00000.jpg?fit=600%2C400&resize=350%2C200","width":350,"height":200},"classes":[]},{"id":218,"url":"http:\/\/www.elaborata.com.br\/blog\/2018\/06\/11\/o-que-faz-um-tecnico-em-hardware\/","url_meta":{"origin":163,"position":5},"title":"O que faz um t\u00e9cnico em hardware? Descubra tudo sobre a profiss\u00e3o de t\u00e9cnico em hardware.","date":"11\/06\/2018","format":false,"excerpt":"O que faz um t\u00e9cnico em hardware? Volta e meia, quando pesquisamos sobre cursos relacionados \u00e0 inform\u00e1tica, nos deparamos com este nome. Mas o que faz um t\u00e9cnico em hardware? O que \u00e9 isso? \u00c9 o que vamos tentar responder e dar dicas de como se tornar um. Com certeza\u2026","rel":"","context":"Em &quot;Hardware&quot;","img":{"alt_text":"O que faz um t\u00e9cnico em inform\u00e1tica? - Elaborata","src":"https:\/\/i2.wp.com\/www.elaborata.com.br\/blog\/wp-content\/uploads\/2018\/06\/tecninco-em-informatica-guiatech.jpg?fit=1200%2C800&resize=350%2C200","width":350,"height":200},"classes":[]}],"jetpack_likes_enabled":true,"_links":{"self":[{"href":"http:\/\/www.elaborata.com.br\/blog\/wp-json\/wp\/v2\/posts\/163"}],"collection":[{"href":"http:\/\/www.elaborata.com.br\/blog\/wp-json\/wp\/v2\/posts"}],"about":[{"href":"http:\/\/www.elaborata.com.br\/blog\/wp-json\/wp\/v2\/types\/post"}],"author":[{"embeddable":true,"href":"http:\/\/www.elaborata.com.br\/blog\/wp-json\/wp\/v2\/users\/1"}],"replies":[{"embeddable":true,"href":"http:\/\/www.elaborata.com.br\/blog\/wp-json\/wp\/v2\/comments?post=163"}],"version-history":[{"count":9,"href":"http:\/\/www.elaborata.com.br\/blog\/wp-json\/wp\/v2\/posts\/163\/revisions"}],"predecessor-version":[{"id":521,"href":"http:\/\/www.elaborata.com.br\/blog\/wp-json\/wp\/v2\/posts\/163\/revisions\/521"}],"wp:featuredmedia":[{"embeddable":true,"href":"http:\/\/www.elaborata.com.br\/blog\/wp-json\/wp\/v2\/media\/164"}],"wp:attachment":[{"href":"http:\/\/www.elaborata.com.br\/blog\/wp-json\/wp\/v2\/media?parent=163"}],"wp:term":[{"taxonomy":"category","embeddable":true,"href":"http:\/\/www.elaborata.com.br\/blog\/wp-json\/wp\/v2\/categories?post=163"},{"taxonomy":"post_tag","embeddable":true,"href":"http:\/\/www.elaborata.com.br\/blog\/wp-json\/wp\/v2\/tags?post=163"}],"curies":[{"name":"wp","href":"https:\/\/api.w.org\/{rel}","templated":true}]}}